{"id":927,"date":"2025-09-01T16:03:53","date_gmt":"2025-09-01T14:03:53","guid":{"rendered":"https:\/\/blogvaleco.com\/projeteoliendethoiresurdinan\/?p=927"},"modified":"2025-11-26T10:26:07","modified_gmt":"2025-11-26T09:26:07","slug":"suspension-du-projet-eolien-de-la-croix-de-lhommeau","status":"publish","type":"post","link":"https:\/\/blogvaleco.com\/projeteoliendethoiresurdinan\/2025\/09\/01\/suspension-du-projet-eolien-de-la-croix-de-lhommeau\/","title":{"rendered":"Suspension du projet \u00e9olien de la Croix de l\u2019Hommeau"},"content":{"rendered":"\n<p>La soci\u00e9t\u00e9 VALECO et la commune de Thoir\u00e9-sur-Dinan souhaitent informer les habitants des derni\u00e8res \u00e9volutions concernant le projet de parc \u00e9olien port\u00e9 par la soci\u00e9t\u00e9 PE DE LA CROIX DE L\u2019HOMMEAU.<\/p>\n\n\n\n<p>Le 6 d\u00e9cembre 2024, une demande d\u2019autorisation environnementale avait \u00e9t\u00e9 d\u00e9pos\u00e9e par le porteur de projet pour l\u2019implantation d\u2019un parc \u00e9olien de <strong>2 turbines <\/strong>de<strong> 192 m\u00e8tres<\/strong>. Depuis le d\u00e9but d\u2019ann\u00e9e 2025, ce projet \u00e9olien faisait l\u2019objet d\u2019une instruction par les services de l\u2019\u00c9tat.<\/p>\n\n\n\n<p>Cependant, au fil de l\u2019instruction, des contraintes a\u00e9ronautiques sp\u00e9cifiques au secteur ont \u00e9t\u00e9 mises en lumi\u00e8re, notamment en lien avec le radar militaire de Cinq-Mars-la-Pile.<\/p>\n\n\n\n<p><strong>A ce jour, le projet \u00e9olien situ\u00e9 \u00e0 40 km du radar, engendrerait une g\u00eane significative incompatible avec les exigences techniques de l\u2019Arm\u00e9e. Les hauteurs maximales admissibles pour les \u00e9oliennes dans la zone d\u2019\u00e9tude ne permettent pas de construire un parc \u00e9olien d\u2019un point de vue technique et \u00e9conomique.<\/strong><\/p>\n\n\n\n<p><strong>Face \u00e0 cette contrainte majeure, la soci\u00e9t\u00e9 porteuse du projet a pris la d\u00e9cision de suspendre le d\u00e9veloppement du projet de parc \u00e9olien de la Croix de l\u2019Hommeau. <\/strong>VALECO restera attentif aux \u00e9volutions r\u00e9glementaires li\u00e9es aux contraintes a\u00e9ronautiques militaires et aux potentielles solutions techniques en cours de d\u00e9veloppement par l\u2019Arm\u00e9e dans les prochaines ann\u00e9es.<\/p>\n\n\n\n<p>Nous remercions les habitants pour leur attention et leur implication dans le suivi de ce projet.<\/p>\n\n\n\n<p>Nous restons \u00e0 l\u2019\u00e9coute pour tout \u00e9change compl\u00e9mentaire sur ce sujet ou sur les perspectives \u00e9nerg\u00e9tiques futures.<\/p>\n\n\n\n<p><\/p>\n","protected":false},"excerpt":{"rendered":"<p>La soci\u00e9t\u00e9 VALECO et la commune de Thoir\u00e9-sur-Dinan souhaitent informer les habitants des derni\u00e8res \u00e9volutions concernant le projet de parc \u00e9olien port\u00e9 par la soci\u00e9t\u00e9 PE DE LA CROIX DE L\u2019HOMMEAU. Le 6 d\u00e9cembre 2024, une demande d\u2019autorisation environnementale avait \u00e9t\u00e9 d\u00e9pos\u00e9e par le porteur de projet pour l\u2019implantation d\u2019un parc \u00e9olien de 2 turbines [&hellip;]<\/p>\n","protected":false},"author":17,"featured_media":0,"comment_status":"closed","ping_status":"closed","sticky":false,"template":"","format":"standard","meta":{"_acf_changed":false,"inline_featured_image":false,"footnotes":""},"categories":[1],"tags":[],"class_list":["post-927","post","type-post","status-publish","format-standard","hentry","category-non-classe"],"acf":[],"_links":{"self":[{"href":"https:\/\/blogvaleco.com\/projeteoliendethoiresurdinan\/wp-json\/wp\/v2\/posts\/927","targetHints":{"allow":["GET"]}}],"collection":[{"href":"https:\/\/blogvaleco.com\/projeteoliendethoiresurdinan\/wp-json\/wp\/v2\/posts"}],"about":[{"href":"https:\/\/blogvaleco.com\/projeteoliendethoiresurdinan\/wp-json\/wp\/v2\/types\/post"}],"author":[{"embeddable":true,"href":"https:\/\/blogvaleco.com\/projeteoliendethoiresurdinan\/wp-json\/wp\/v2\/users\/17"}],"replies":[{"embeddable":true,"href":"https:\/\/blogvaleco.com\/projeteoliendethoiresurdinan\/wp-json\/wp\/v2\/comments?post=927"}],"version-history":[{"count":2,"href":"https:\/\/blogvaleco.com\/projeteoliendethoiresurdinan\/wp-json\/wp\/v2\/posts\/927\/revisions"}],"predecessor-version":[{"id":931,"href":"https:\/\/blogvaleco.com\/projeteoliendethoiresurdinan\/wp-json\/wp\/v2\/posts\/927\/revisions\/931"}],"wp:attachment":[{"href":"https:\/\/blogvaleco.com\/projeteoliendethoiresurdinan\/wp-json\/wp\/v2\/media?parent=927"}],"wp:term":[{"taxonomy":"category","embeddable":true,"href":"https:\/\/blogvaleco.com\/projeteoliendethoiresurdinan\/wp-json\/wp\/v2\/categories?post=927"},{"taxonomy":"post_tag","embeddable":true,"href":"https:\/\/blogvaleco.com\/projeteoliendethoiresurdinan\/wp-json\/wp\/v2\/tags?post=927"}],"curies":[{"name":"wp","href":"https:\/\/api.w.org\/{rel}","templated":true}]}}