{"id":922,"date":"2024-12-06T17:19:04","date_gmt":"2024-12-06T16:19:04","guid":{"rendered":"https:\/\/blogvaleco.com\/projeteoliendethoiresurdinan\/?p=922"},"modified":"2025-02-20T17:19:52","modified_gmt":"2025-02-20T16:19:52","slug":"depot-de-la-demande-dautorisation-environnementale-decembre-2024","status":"publish","type":"post","link":"https:\/\/blogvaleco.com\/projeteoliendethoiresurdinan\/2024\/12\/06\/depot-de-la-demande-dautorisation-environnementale-decembre-2024\/","title":{"rendered":"D\u00e9p\u00f4t de la demande d&rsquo;autorisation environnementale &#8211; D\u00e9cembre 2024"},"content":{"rendered":"\n<p>L\u2019Equipe Projet souhaite vous informer que le 06 d\u00e9cembre 2024, &nbsp;<strong>le&nbsp;dossier de&nbsp;Demande d&rsquo;Autorisation Environnementale<\/strong>&nbsp;pour le projet \u00e9olien de la Croix de l&rsquo;Hommeau a \u00e9t\u00e9 d\u00e9pos\u00e9 \u00e0 la pr\u00e9fecture de la Sarthe.<\/p>\n\n\n\n<p>Ce dossier comprend toutes les \u00e9tudes r\u00e9alis\u00e9es par des bureaux d&rsquo;\u00e9tude externes (environnement, paysage, acoustique, etc), l&rsquo;\u00e9tude d&rsquo;impact, des documents administratifs sur Valeco, les consultations et accords de services divers comme l&rsquo;arm\u00e9e, l&rsquo;aviation civile.<\/p>\n\n\n\n<p>A titre informatif, le&nbsp;R\u00e9sum\u00e9 Non Technique&nbsp;de l&rsquo;\u00e9tude d&rsquo;impact est consultable en mairie de Thoir\u00e9-sur-Dinan et dans les mairies des communes limitrophes. Ce document a pour objectif de donner toutes les informations importantes du projet et du dossier d&rsquo;Autorisation Environnementale : caract\u00e9ristiques de l&rsquo;implantation, r\u00e9sultats des \u00e9tudes, synth\u00e8se des impacts potentiels du projet, etc.<\/p>\n\n\n\n<p>Conform\u00e9ment \u00e0 la r\u00e9glementation en vigueur, ce dossier est \u00e0 ce jour en cours d\u2019instruction (phase d\u2019examen) par les services de l\u2019Etat.<\/p>\n\n\n\n<p>Nous ne manquerons pas de vous tenir inform\u00e9s de l\u2019avancement de ce dossier et nous restons \u00e0 votre disposition pour r\u00e9pondre \u00e0 vos \u00e9ventuelles questions.<\/p>\n\n\n\n<p>________________________________<\/p>\n\n\n\n<p>Le projet \u00e9olien de la Croix de l&rsquo;Hommeau vise un juste \u00e9quilibre entre la n\u00e9cessit\u00e9 de produire en local le maximum d\u2019\u00e9nergie durable et renouvelable et la recherche d\u2019impacts minimums pour le milieu humain, la faune et la flore et le paysage sur le territoire.<\/p>\n","protected":false},"excerpt":{"rendered":"<p>L\u2019Equipe Projet souhaite vous informer que le 06 d\u00e9cembre 2024, &nbsp;le&nbsp;dossier de&nbsp;Demande d&rsquo;Autorisation Environnementale&nbsp;pour le projet \u00e9olien de la Croix de l&rsquo;Hommeau a \u00e9t\u00e9 d\u00e9pos\u00e9 \u00e0 la pr\u00e9fecture de la Sarthe. Ce dossier comprend toutes les \u00e9tudes r\u00e9alis\u00e9es par des bureaux d&rsquo;\u00e9tude externes (environnement, paysage, acoustique, etc), l&rsquo;\u00e9tude d&rsquo;impact, des documents administratifs sur Valeco, les [&hellip;]<\/p>\n","protected":false},"author":56,"featured_media":0,"comment_status":"closed","ping_status":"closed","sticky":false,"template":"","format":"standard","meta":{"_acf_changed":false,"inline_featured_image":false,"footnotes":""},"categories":[1],"tags":[],"class_list":["post-922","post","type-post","status-publish","format-standard","hentry","category-non-classe"],"acf":[],"_links":{"self":[{"href":"https:\/\/blogvaleco.com\/projeteoliendethoiresurdinan\/wp-json\/wp\/v2\/posts\/922","targetHints":{"allow":["GET"]}}],"collection":[{"href":"https:\/\/blogvaleco.com\/projeteoliendethoiresurdinan\/wp-json\/wp\/v2\/posts"}],"about":[{"href":"https:\/\/blogvaleco.com\/projeteoliendethoiresurdinan\/wp-json\/wp\/v2\/types\/post"}],"author":[{"embeddable":true,"href":"https:\/\/blogvaleco.com\/projeteoliendethoiresurdinan\/wp-json\/wp\/v2\/users\/56"}],"replies":[{"embeddable":true,"href":"https:\/\/blogvaleco.com\/projeteoliendethoiresurdinan\/wp-json\/wp\/v2\/comments?post=922"}],"version-history":[{"count":1,"href":"https:\/\/blogvaleco.com\/projeteoliendethoiresurdinan\/wp-json\/wp\/v2\/posts\/922\/revisions"}],"predecessor-version":[{"id":923,"href":"https:\/\/blogvaleco.com\/projeteoliendethoiresurdinan\/wp-json\/wp\/v2\/posts\/922\/revisions\/923"}],"wp:attachment":[{"href":"https:\/\/blogvaleco.com\/projeteoliendethoiresurdinan\/wp-json\/wp\/v2\/media?parent=922"}],"wp:term":[{"taxonomy":"category","embeddable":true,"href":"https:\/\/blogvaleco.com\/projeteoliendethoiresurdinan\/wp-json\/wp\/v2\/categories?post=922"},{"taxonomy":"post_tag","embeddable":true,"href":"https:\/\/blogvaleco.com\/projeteoliendethoiresurdinan\/wp-json\/wp\/v2\/tags?post=922"}],"curies":[{"name":"wp","href":"https:\/\/api.w.org\/{rel}","templated":true}]}}