{"id":920,"date":"2022-08-12T17:17:00","date_gmt":"2022-08-12T15:17:00","guid":{"rendered":"https:\/\/blogvaleco.com\/projeteoliendethoiresurdinan\/?p=920"},"modified":"2025-02-20T17:17:44","modified_gmt":"2025-02-20T16:17:44","slug":"lettre-dinformation-n1","status":"publish","type":"post","link":"https:\/\/blogvaleco.com\/projeteoliendethoiresurdinan\/2022\/08\/12\/lettre-dinformation-n1\/","title":{"rendered":"Lettre d&rsquo;information N\u00b01"},"content":{"rendered":"\n<p>Bonjour \u00e0 tous,<\/p>\n\n\n\n<p>Mi-ao\u00fbt 2022, la&nbsp;<em>premi\u00e8re lettre d&rsquo;information&nbsp;<\/em>sur le projet \u00e9olien de Thoir\u00e9-sur-Dinan a \u00e9t\u00e9 publi\u00e9e et distribu\u00e9e aux habitants de la commune.<\/p>\n\n\n\n<p>Cette premi\u00e8re lettre introduit aux riverains le projet \u00e9olien ainsi que la soci\u00e9t\u00e9 VALECO, porteuse du projet. Elle pr\u00e9sente les principales \u00e9tapes qui ont eu lieu sur le projet ainsi que les diff\u00e9rentes \u00e9tudes en cours et \u00e0 r\u00e9aliser.<\/p>\n\n\n\n<p>Il est pr\u00e9vu la r\u00e9alisation r\u00e9guli\u00e8re de lettres d&rsquo;information afin que le public puisse suivre l&rsquo;avancement du projet \u00e9olien.<\/p>\n\n\n\n<p>De plus, en concertation avec les \u00e9lus, vous pourrez retrouver ces actualit\u00e9s sur l&rsquo;application ILLIWAP de la commune de Thoir\u00e9-sur-Dinan :&nbsp;<a href=\"https:\/\/station.illiwap.com\/fr\/public\/72356\/actu\/%20\">https:\/\/station.illiwap.com\/fr\/public\/72356\/actu\/&nbsp;<\/a><\/p>\n\n\n\n<p>Cette premi\u00e8re lettre est disponible&nbsp;<a href=\"https:\/\/blog.groupevaleco.com\/images\/medias\/00141\/lettre_d_info_thoire.pdf\" target=\"_blank\" rel=\"noreferrer noopener\">ici<\/a>.<\/p>\n\n\n\n<p><\/p>\n","protected":false},"excerpt":{"rendered":"<p>Bonjour \u00e0 tous, Mi-ao\u00fbt 2022, la&nbsp;premi\u00e8re lettre d&rsquo;information&nbsp;sur le projet \u00e9olien de Thoir\u00e9-sur-Dinan a \u00e9t\u00e9 publi\u00e9e et distribu\u00e9e aux habitants de la commune. Cette premi\u00e8re lettre introduit aux riverains le projet \u00e9olien ainsi que la soci\u00e9t\u00e9 VALECO, porteuse du projet. Elle pr\u00e9sente les principales \u00e9tapes qui ont eu lieu sur le projet ainsi que les [&hellip;]<\/p>\n","protected":false},"author":56,"featured_media":0,"comment_status":"closed","ping_status":"closed","sticky":false,"template":"","format":"standard","meta":{"_acf_changed":false,"inline_featured_image":false,"footnotes":""},"categories":[1],"tags":[],"class_list":["post-920","post","type-post","status-publish","format-standard","hentry","category-non-classe"],"acf":[],"_links":{"self":[{"href":"https:\/\/blogvaleco.com\/projeteoliendethoiresurdinan\/wp-json\/wp\/v2\/posts\/920","targetHints":{"allow":["GET"]}}],"collection":[{"href":"https:\/\/blogvaleco.com\/projeteoliendethoiresurdinan\/wp-json\/wp\/v2\/posts"}],"about":[{"href":"https:\/\/blogvaleco.com\/projeteoliendethoiresurdinan\/wp-json\/wp\/v2\/types\/post"}],"author":[{"embeddable":true,"href":"https:\/\/blogvaleco.com\/projeteoliendethoiresurdinan\/wp-json\/wp\/v2\/users\/56"}],"replies":[{"embeddable":true,"href":"https:\/\/blogvaleco.com\/projeteoliendethoiresurdinan\/wp-json\/wp\/v2\/comments?post=920"}],"version-history":[{"count":1,"href":"https:\/\/blogvaleco.com\/projeteoliendethoiresurdinan\/wp-json\/wp\/v2\/posts\/920\/revisions"}],"predecessor-version":[{"id":921,"href":"https:\/\/blogvaleco.com\/projeteoliendethoiresurdinan\/wp-json\/wp\/v2\/posts\/920\/revisions\/921"}],"wp:attachment":[{"href":"https:\/\/blogvaleco.com\/projeteoliendethoiresurdinan\/wp-json\/wp\/v2\/media?parent=920"}],"wp:term":[{"taxonomy":"category","embeddable":true,"href":"https:\/\/blogvaleco.com\/projeteoliendethoiresurdinan\/wp-json\/wp\/v2\/categories?post=920"},{"taxonomy":"post_tag","embeddable":true,"href":"https:\/\/blogvaleco.com\/projeteoliendethoiresurdinan\/wp-json\/wp\/v2\/tags?post=920"}],"curies":[{"name":"wp","href":"https:\/\/api.w.org\/{rel}","templated":true}]}}