{"id":918,"date":"2022-10-25T17:16:00","date_gmt":"2022-10-25T15:16:00","guid":{"rendered":"https:\/\/blogvaleco.com\/projeteoliendethoiresurdinan\/?p=918"},"modified":"2025-02-20T17:17:16","modified_gmt":"2025-02-20T16:17:16","slug":"installation-du-mat-de-mesure-de-vent","status":"publish","type":"post","link":"https:\/\/blogvaleco.com\/projeteoliendethoiresurdinan\/2022\/10\/25\/installation-du-mat-de-mesure-de-vent\/","title":{"rendered":"Installation du m\u00e2t de mesure de vent"},"content":{"rendered":"\n<p>Madame, Monsieur,<\/p>\n\n\n\n<p>L\u2019installation d\u2019un m\u00e2t de mesure de vent dans la zone d\u2019\u00e9tude est pr\u00e9vue fin octobre 2022. Le m\u00e2t de mesure restera install\u00e9 entre 12 et 24 mois.<\/p>\n\n\n\n<figure class=\"wp-block-image\"><img decoding=\"async\" src=\"https:\/\/blog.groupevaleco.com\/images\/medias\/00141\/localisation-mdm-120m.jpg\" alt=\"Localisation du m\u00e2t de mesure de 120m - C150\" \/><\/figure>\n\n\n\n<figure class=\"wp-block-image\"><img decoding=\"async\" src=\"https:\/\/blog.groupevaleco.com\/images\/medias\/00141\/localisation-mdm-120m-zoom-.jpg\" alt=\"MDM Zoom\" \/><\/figure>\n\n\n\n<p>Ce m\u00e2t de mesure d\u2019une hauteur de&nbsp;<strong>120 m\u00e8tres<\/strong>&nbsp;est \u00e9quip\u00e9 de girouettes et d\u2019an\u00e9mom\u00e8tres permettant de caract\u00e9riser finement le gisement sur site. Ces mesures permettront d\u2019optimiser le mod\u00e8le d\u2019\u00e9oliennes et la configuration du projet. Elles seront \u00e9galement corr\u00e9l\u00e9es avec les donn\u00e9es enregistr\u00e9es par les stations M\u00e9t\u00e9o France les plus proches durant les 20 derni\u00e8res ann\u00e9es de mani\u00e8re \u00e0 pouvoir \u00e9valuer sur le long terme le gisement et la production d\u2019\u00e9lectricit\u00e9.<\/p>\n\n\n\n<p>En plus de caract\u00e9riser finement le gisement, des sonom\u00e8tres seront install\u00e9s afin d\u2019\u00e9tudier le comportement des chauves-souris en altitude et de d\u00e9finir des mesures \u00e9ventuelles d\u2019\u00e9vitement ou de r\u00e9duction d\u2019impact sur celles-ci, si cela s\u2019av\u00e8re n\u00e9cessaire.<\/p>\n\n\n\n<p>Pour plus d&rsquo;information sur l&rsquo;\u00e9tude du gisement \u00e9olien et des m\u00e2ts de mesure, veuillez consulter le document&nbsp;<a href=\"https:\/\/blog.groupevaleco.com\/images\/medias\/00141\/220825-mat_de_mesure_thoire-sur-dinan.pdf\" target=\"_blank\" rel=\"noreferrer noopener\">ci-joint.<\/a><\/p>\n","protected":false},"excerpt":{"rendered":"<p>Madame, Monsieur, L\u2019installation d\u2019un m\u00e2t de mesure de vent dans la zone d\u2019\u00e9tude est pr\u00e9vue fin octobre 2022. Le m\u00e2t de mesure restera install\u00e9 entre 12 et 24 mois. Ce m\u00e2t de mesure d\u2019une hauteur de&nbsp;120 m\u00e8tres&nbsp;est \u00e9quip\u00e9 de girouettes et d\u2019an\u00e9mom\u00e8tres permettant de caract\u00e9riser finement le gisement sur site. Ces mesures permettront d\u2019optimiser le [&hellip;]<\/p>\n","protected":false},"author":56,"featured_media":0,"comment_status":"closed","ping_status":"closed","sticky":false,"template":"","format":"standard","meta":{"_acf_changed":false,"inline_featured_image":false,"footnotes":""},"categories":[1],"tags":[],"class_list":["post-918","post","type-post","status-publish","format-standard","hentry","category-non-classe"],"acf":[],"_links":{"self":[{"href":"https:\/\/blogvaleco.com\/projeteoliendethoiresurdinan\/wp-json\/wp\/v2\/posts\/918","targetHints":{"allow":["GET"]}}],"collection":[{"href":"https:\/\/blogvaleco.com\/projeteoliendethoiresurdinan\/wp-json\/wp\/v2\/posts"}],"about":[{"href":"https:\/\/blogvaleco.com\/projeteoliendethoiresurdinan\/wp-json\/wp\/v2\/types\/post"}],"author":[{"embeddable":true,"href":"https:\/\/blogvaleco.com\/projeteoliendethoiresurdinan\/wp-json\/wp\/v2\/users\/56"}],"replies":[{"embeddable":true,"href":"https:\/\/blogvaleco.com\/projeteoliendethoiresurdinan\/wp-json\/wp\/v2\/comments?post=918"}],"version-history":[{"count":1,"href":"https:\/\/blogvaleco.com\/projeteoliendethoiresurdinan\/wp-json\/wp\/v2\/posts\/918\/revisions"}],"predecessor-version":[{"id":919,"href":"https:\/\/blogvaleco.com\/projeteoliendethoiresurdinan\/wp-json\/wp\/v2\/posts\/918\/revisions\/919"}],"wp:attachment":[{"href":"https:\/\/blogvaleco.com\/projeteoliendethoiresurdinan\/wp-json\/wp\/v2\/media?parent=918"}],"wp:term":[{"taxonomy":"category","embeddable":true,"href":"https:\/\/blogvaleco.com\/projeteoliendethoiresurdinan\/wp-json\/wp\/v2\/categories?post=918"},{"taxonomy":"post_tag","embeddable":true,"href":"https:\/\/blogvaleco.com\/projeteoliendethoiresurdinan\/wp-json\/wp\/v2\/tags?post=918"}],"curies":[{"name":"wp","href":"https:\/\/api.w.org\/{rel}","templated":true}]}}