{"id":916,"date":"2023-02-12T17:16:00","date_gmt":"2023-02-12T16:16:00","guid":{"rendered":"https:\/\/blogvaleco.com\/projeteoliendethoiresurdinan\/?p=916"},"modified":"2025-02-20T17:16:41","modified_gmt":"2025-02-20T16:16:41","slug":"lancement-de-letude-acoustique","status":"publish","type":"post","link":"https:\/\/blogvaleco.com\/projeteoliendethoiresurdinan\/2023\/02\/12\/lancement-de-letude-acoustique\/","title":{"rendered":"Lancement de l&rsquo;\u00e9tude acoustique"},"content":{"rendered":"\n<p>Madame, Monsieur,<\/p>\n\n\n\n<p>Au printemps 2023, il est pr\u00e9vu le lancement d&rsquo;une \u00e9tude acoustique dont le but sera de d\u00e9terminer l&rsquo;impact sonore qu&rsquo;aura le parc \u00e9olien sur l&rsquo;environnement. Cette analyse a \u00e9t\u00e9 confi\u00e9e \u00e0 un bureau d&rsquo;\u00e9tude acoustique ind\u00e9pendant et se d\u00e9compose en 3 parties :<\/p>\n\n\n\n<p><br><strong>1. Campagne de mesure (bruit r\u00e9siduel) :<\/strong><br>Dresser l&rsquo;\u00e9tat initial de l&rsquo;environnement sonore avant toute implantation d&rsquo;\u00e9oliennes. Pour cela l&rsquo;acousticien va placer des sonom\u00e8tres (appareils de mesure\/ micros) sur tous les hameaux\/ lieudits entourant le projet.<\/p>\n\n\n\n<p>D\u00e9termination du bruit r\u00e9siduel sur le site en fonction de la vitesse du vent.<br>Pr\u00e9cisons que cette campagne sera r\u00e9alis\u00e9e ce mois-ci si les conditions m\u00e9t\u00e9orologiques et sanitaires le permettent, ou repouss\u00e9e le mois prochain dans le cas contraire.<br><br><strong>2. Calculs pr\u00e9visionnels du bruit des \u00e9oliennes (bruit particulier) :<\/strong><br>Estimation de la contribution sonore des projets au droit des habitations riveraines.<br>Ces simulations sont r\u00e9alis\u00e9es avec un logiciel informatique \u00e0 partir des caract\u00e9ristiques des machines fournies par le constructeur.<br><br>&nbsp;<br><strong>3. Calculs et conformit\u00e9 : l&#8217;emergence et les plans de bridage des \u00e9oliennes<\/strong><\/p>\n\n\n\n<p>Validation du respect de la r\u00e9glementation fran\u00e7aise en vigueur et, le cas \u00e9ch\u00e9ant, proposition de solutions adapt\u00e9es pour y parvenir.<br>Sur la base des mesures du bruit r\u00e9siduel et des calculs de la contribution des \u00e9oliennes, on peut estimer l\u2019\u00e9mergence du projet au droit des habitations riveraines :<br><br>EMERGENCE = Bruit ambiant \u2013 Bruit r\u00e9siduel<\/p>\n\n\n\n<figure class=\"wp-block-image\"><img decoding=\"async\" src=\"https:\/\/blog.groupevaleco.com\/images\/medias\/00130\/explication-acoustique.jpg\" alt=\"\" \/><\/figure>\n\n\n\n<figure class=\"wp-block-image\"><img decoding=\"async\" src=\"https:\/\/blog.groupevaleco.com\/images\/medias\/00130\/image-calcul-decibel.jpg\" alt=\"\" \/><\/figure>\n\n\n\n<figure class=\"wp-block-image\"><img decoding=\"async\" src=\"https:\/\/blog.groupevaleco.com\/images\/medias\/00130\/image-echelle-de-bruit.jpg\" alt=\"\" \/><\/figure>\n\n\n\n<p>Pour plus de d\u00e9tails sur la r\u00e9alisation de l&rsquo;\u00e9tude acoustique, veuillez consulter la fiche&nbsp;<a href=\"https:\/\/blog.groupevaleco.com\/images\/medias\/00130\/bruit_eolien_vf.pdf\" target=\"_blank\" rel=\"noreferrer noopener\">ci-jointe<\/a>.<\/p>\n","protected":false},"excerpt":{"rendered":"<p>Madame, Monsieur, Au printemps 2023, il est pr\u00e9vu le lancement d&rsquo;une \u00e9tude acoustique dont le but sera de d\u00e9terminer l&rsquo;impact sonore qu&rsquo;aura le parc \u00e9olien sur l&rsquo;environnement. Cette analyse a \u00e9t\u00e9 confi\u00e9e \u00e0 un bureau d&rsquo;\u00e9tude acoustique ind\u00e9pendant et se d\u00e9compose en 3 parties : 1. Campagne de mesure (bruit r\u00e9siduel) :Dresser l&rsquo;\u00e9tat initial de [&hellip;]<\/p>\n","protected":false},"author":56,"featured_media":0,"comment_status":"closed","ping_status":"closed","sticky":false,"template":"","format":"standard","meta":{"_acf_changed":false,"inline_featured_image":false,"footnotes":""},"categories":[1],"tags":[],"class_list":["post-916","post","type-post","status-publish","format-standard","hentry","category-non-classe"],"acf":[],"_links":{"self":[{"href":"https:\/\/blogvaleco.com\/projeteoliendethoiresurdinan\/wp-json\/wp\/v2\/posts\/916","targetHints":{"allow":["GET"]}}],"collection":[{"href":"https:\/\/blogvaleco.com\/projeteoliendethoiresurdinan\/wp-json\/wp\/v2\/posts"}],"about":[{"href":"https:\/\/blogvaleco.com\/projeteoliendethoiresurdinan\/wp-json\/wp\/v2\/types\/post"}],"author":[{"embeddable":true,"href":"https:\/\/blogvaleco.com\/projeteoliendethoiresurdinan\/wp-json\/wp\/v2\/users\/56"}],"replies":[{"embeddable":true,"href":"https:\/\/blogvaleco.com\/projeteoliendethoiresurdinan\/wp-json\/wp\/v2\/comments?post=916"}],"version-history":[{"count":1,"href":"https:\/\/blogvaleco.com\/projeteoliendethoiresurdinan\/wp-json\/wp\/v2\/posts\/916\/revisions"}],"predecessor-version":[{"id":917,"href":"https:\/\/blogvaleco.com\/projeteoliendethoiresurdinan\/wp-json\/wp\/v2\/posts\/916\/revisions\/917"}],"wp:attachment":[{"href":"https:\/\/blogvaleco.com\/projeteoliendethoiresurdinan\/wp-json\/wp\/v2\/media?parent=916"}],"wp:term":[{"taxonomy":"category","embeddable":true,"href":"https:\/\/blogvaleco.com\/projeteoliendethoiresurdinan\/wp-json\/wp\/v2\/categories?post=916"},{"taxonomy":"post_tag","embeddable":true,"href":"https:\/\/blogvaleco.com\/projeteoliendethoiresurdinan\/wp-json\/wp\/v2\/tags?post=916"}],"curies":[{"name":"wp","href":"https:\/\/api.w.org\/{rel}","templated":true}]}}