{"id":914,"date":"2024-02-11T17:15:00","date_gmt":"2024-02-11T16:15:00","guid":{"rendered":"https:\/\/blogvaleco.com\/projeteoliendethoiresurdinan\/?p=914"},"modified":"2025-02-20T17:15:59","modified_gmt":"2025-02-20T16:15:59","slug":"concertation-prealable-du-public-lettre-dinformation-n2","status":"publish","type":"post","link":"https:\/\/blogvaleco.com\/projeteoliendethoiresurdinan\/2024\/02\/11\/concertation-prealable-du-public-lettre-dinformation-n2\/","title":{"rendered":"Concertation pr\u00e9alable du public- Lettre d&rsquo;information N\u00b02"},"content":{"rendered":"\n<h1 class=\"wp-block-heading\"><strong>Concertation pr\u00e9alable du public<\/strong><\/h1>\n\n\n\n<p>Madame, Monsieur,<\/p>\n\n\n\n<p>Dans le cadre du d\u00e9veloppement d\u2019un projet \u00e9olien sur la commune de Thoir\u00e9-sur-Dinan, la soci\u00e9t\u00e9 VALECO a d\u00e9cid\u00e9 de mettre en place un dispositif de \u00ab&nbsp;<strong>concertation pr\u00e9alable volontaire<\/strong>&nbsp;\u00bb &nbsp;sur la commune d\u2019implantation du projet.<\/p>\n\n\n\n<p>Ce dispositif volontaire est organis\u00e9 par le d\u00e9veloppeur du parc en amont de l\u2019instruction du dossier par les services de l\u2019Etat et dure au minimum 15 jours et au maximum 3 mois. Durant cette p\u00e9riode, chacun-e a la possibilit\u00e9 de consulter le dossier synth\u00e9tique de pr\u00e9sentation du projet et de faire part de ses remarques et suggestions dans le registre d&rsquo;observation, sur la base d\u2019informations techniques r\u00e9colt\u00e9es gr\u00e2ce aux \u00e9tudes men\u00e9es. Ces \u00e9l\u00e9ments seront mis \u00e0 disposition du public en mairie de Thoir\u00e9-sur-Dinan.<\/p>\n\n\n\n<p><strong>A Thoir\u00e9-sur-Dinan, ce temps de concertation sera organis\u00e9 du lundi 11 mars au lundi 25 mars 2024 inclus<\/strong>. Le bilan de cette concertation sera rendu publique dans les 3 mois suivant la fin de la proc\u00e9dure.<\/p>\n\n\n\n<p>Liens de t\u00e9l\u00e9chargement :<\/p>\n\n\n\n<p><a href=\"https:\/\/blog.groupevaleco.com\/images\/medias\/00141\/avis-de-concertation-prealable-du-public_thoire.pdf\" target=\"_blank\" rel=\"noreferrer noopener\">&#8211; Affiche Avis de concertation pr\u00e9alable<\/a><\/p>\n\n\n\n<p><a href=\"https:\/\/blog.groupevaleco.com\/images\/medias\/00141\/lettre_d_info_thoire_n%C2%B02_imp.pdf\" target=\"_blank\" rel=\"noreferrer noopener\">&#8211; Lettre d&rsquo;information N\u00b02 &#8211; invitation \u00e0 la concertation pr\u00e9alable<\/a><\/p>\n\n\n\n<p><a href=\"https:\/\/blog.groupevaleco.com\/images\/medias\/00141\/dcp_thoire-sur-dinan.pdf\" target=\"_blank\" rel=\"noreferrer noopener\">&#8211; Dossier de concertation<\/a><\/p>\n\n\n\n<p><a href=\"https:\/\/blog.groupevaleco.com\/images\/medias\/00141\/guide-defi-eolien-10-questions.pdf\" target=\"_blank\" rel=\"noreferrer noopener\">&#8211; Guide ADEME 2021 &#8211; Le d\u00e9fi \u00e9olien en 10 questions<\/a><\/p>\n\n\n\n<p>____________________________________________________<\/p>\n\n\n\n<p><a><\/a>Le projet global sera compos\u00e9 de 2 \u00e9oliennes d&rsquo;une hauteur maximale de 192m et d\u2019un poste de livraison implant\u00e9s sur le territoire de la commune de Thoir\u00e9-sur-Dinan. Les \u00e9oliennes auront une puissance unitaire maximale de 4,8 MW et la puissance maximale totale du parc sera de 9,6 MW.<\/p>\n","protected":false},"excerpt":{"rendered":"<p>Concertation pr\u00e9alable du public Madame, Monsieur, Dans le cadre du d\u00e9veloppement d\u2019un projet \u00e9olien sur la commune de Thoir\u00e9-sur-Dinan, la soci\u00e9t\u00e9 VALECO a d\u00e9cid\u00e9 de mettre en place un dispositif de \u00ab&nbsp;concertation pr\u00e9alable volontaire&nbsp;\u00bb &nbsp;sur la commune d\u2019implantation du projet. Ce dispositif volontaire est organis\u00e9 par le d\u00e9veloppeur du parc en amont de l\u2019instruction du [&hellip;]<\/p>\n","protected":false},"author":56,"featured_media":0,"comment_status":"closed","ping_status":"closed","sticky":false,"template":"","format":"standard","meta":{"_acf_changed":false,"inline_featured_image":false,"footnotes":""},"categories":[1],"tags":[],"class_list":["post-914","post","type-post","status-publish","format-standard","hentry","category-non-classe"],"acf":[],"_links":{"self":[{"href":"https:\/\/blogvaleco.com\/projeteoliendethoiresurdinan\/wp-json\/wp\/v2\/posts\/914","targetHints":{"allow":["GET"]}}],"collection":[{"href":"https:\/\/blogvaleco.com\/projeteoliendethoiresurdinan\/wp-json\/wp\/v2\/posts"}],"about":[{"href":"https:\/\/blogvaleco.com\/projeteoliendethoiresurdinan\/wp-json\/wp\/v2\/types\/post"}],"author":[{"embeddable":true,"href":"https:\/\/blogvaleco.com\/projeteoliendethoiresurdinan\/wp-json\/wp\/v2\/users\/56"}],"replies":[{"embeddable":true,"href":"https:\/\/blogvaleco.com\/projeteoliendethoiresurdinan\/wp-json\/wp\/v2\/comments?post=914"}],"version-history":[{"count":1,"href":"https:\/\/blogvaleco.com\/projeteoliendethoiresurdinan\/wp-json\/wp\/v2\/posts\/914\/revisions"}],"predecessor-version":[{"id":915,"href":"https:\/\/blogvaleco.com\/projeteoliendethoiresurdinan\/wp-json\/wp\/v2\/posts\/914\/revisions\/915"}],"wp:attachment":[{"href":"https:\/\/blogvaleco.com\/projeteoliendethoiresurdinan\/wp-json\/wp\/v2\/media?parent=914"}],"wp:term":[{"taxonomy":"category","embeddable":true,"href":"https:\/\/blogvaleco.com\/projeteoliendethoiresurdinan\/wp-json\/wp\/v2\/categories?post=914"},{"taxonomy":"post_tag","embeddable":true,"href":"https:\/\/blogvaleco.com\/projeteoliendethoiresurdinan\/wp-json\/wp\/v2\/tags?post=914"}],"curies":[{"name":"wp","href":"https:\/\/api.w.org\/{rel}","templated":true}]}}