{"id":109,"date":"2024-04-18T14:32:00","date_gmt":"2024-04-18T12:32:00","guid":{"rendered":"https:\/\/blogs.groupevaleco.com\/site-modele\/?p=109"},"modified":"2025-02-20T17:15:16","modified_gmt":"2025-02-20T16:15:16","slug":"actualite-3","status":"publish","type":"post","link":"https:\/\/blogvaleco.com\/projeteoliendethoiresurdinan\/2024\/04\/18\/actualite-3\/","title":{"rendered":"Bilan de la concertation pr\u00e9alable du projet \u00e9olien de la Croix de l&rsquo;Hommeau"},"content":{"rendered":"\n<p>Dans le cadre du d\u00e9veloppement du projet \u00e9olien de la Croix de l&rsquo;Hommeau, une proc\u00e9dure de&nbsp;<strong>concertation pr\u00e9alable volontaire&nbsp;<\/strong>a \u00e9t\u00e9 organis\u00e9e en amont du d\u00e9p\u00f4t de la demande d\u2019autorisation environnementale et de l\u2019instruction du dossier par les services de l\u2019Etat.<\/p>\n\n\n\n<p>Cette phase de concertation pr\u00e9alable s&rsquo;est d\u00e9roul\u00e9e&nbsp;<strong>du lundi 11 mars au lundi 25 mars 2024 inclus<\/strong>&nbsp;et a notamment donn\u00e9 lieu \u00e0 une&nbsp;<strong>permanence d&rsquo;information<\/strong>&nbsp;\u00e0 la salle des f\u00eates de Thoir\u00e9-sur-Dinan le&nbsp;<strong>jeudi 14 mars 2024.<\/strong><\/p>\n\n\n\n<p>Durant cette p\u00e9riode, un dossier synth\u00e9tique du projet a \u00e9t\u00e9 mis \u00e0 disposition den mairie de Thoir\u00e9-sur-Dinan et un certain nombre de remarques et observations ont \u00e9t\u00e9 formul\u00e9es par le public.&nbsp;<\/p>\n\n\n\n<p>Vous trouverez&nbsp;<a href=\"https:\/\/blog.groupevaleco.com\/images\/medias\/00141\/240418_bilan-de-concertation_pe-de-la-croix-de-l-hommeau.pdf\" target=\"_blank\" rel=\"noreferrer noopener\">ici<\/a>&nbsp;le&nbsp;<strong>bilan de cette concertation pr\u00e9alable<\/strong>.&nbsp;<\/p>\n\n\n\n<p><em>Rappelons que la concertation pr\u00e9alable est une des \u00e9tapes de la concertation autour du projet. Parmi les prochaines \u00e9tapes r\u00e9glementaires, il y aura notamment l\u2019enqu\u00eate publique au cours de la phase d\u2019instruction du projet par les services de l\u2019Etat.<\/em><\/p>\n","protected":false},"excerpt":{"rendered":"<p>Dans le cadre du d\u00e9veloppement du projet \u00e9olien de la Croix de l&rsquo;Hommeau, une proc\u00e9dure de&nbsp;concertation pr\u00e9alable volontaire&nbsp;a \u00e9t\u00e9 organis\u00e9e en amont du d\u00e9p\u00f4t de la demande d\u2019autorisation environnementale et de l\u2019instruction du dossier par les services de l\u2019Etat. Cette phase de concertation pr\u00e9alable s&rsquo;est d\u00e9roul\u00e9e&nbsp;du lundi 11 mars au lundi 25 mars 2024 inclus&nbsp;et [&hellip;]<\/p>\n","protected":false},"author":1,"featured_media":0,"comment_status":"closed","ping_status":"closed","sticky":false,"template":"","format":"standard","meta":{"_acf_changed":false,"inline_featured_image":false,"footnotes":""},"categories":[1],"tags":[],"class_list":["post-109","post","type-post","status-publish","format-standard","hentry","category-non-classe"],"acf":[],"_links":{"self":[{"href":"https:\/\/blogvaleco.com\/projeteoliendethoiresurdinan\/wp-json\/wp\/v2\/posts\/109","targetHints":{"allow":["GET"]}}],"collection":[{"href":"https:\/\/blogvaleco.com\/projeteoliendethoiresurdinan\/wp-json\/wp\/v2\/posts"}],"about":[{"href":"https:\/\/blogvaleco.com\/projeteoliendethoiresurdinan\/wp-json\/wp\/v2\/types\/post"}],"author":[{"embeddable":true,"href":"https:\/\/blogvaleco.com\/projeteoliendethoiresurdinan\/wp-json\/wp\/v2\/users\/1"}],"replies":[{"embeddable":true,"href":"https:\/\/blogvaleco.com\/projeteoliendethoiresurdinan\/wp-json\/wp\/v2\/comments?post=109"}],"version-history":[{"count":4,"href":"https:\/\/blogvaleco.com\/projeteoliendethoiresurdinan\/wp-json\/wp\/v2\/posts\/109\/revisions"}],"predecessor-version":[{"id":913,"href":"https:\/\/blogvaleco.com\/projeteoliendethoiresurdinan\/wp-json\/wp\/v2\/posts\/109\/revisions\/913"}],"wp:attachment":[{"href":"https:\/\/blogvaleco.com\/projeteoliendethoiresurdinan\/wp-json\/wp\/v2\/media?parent=109"}],"wp:term":[{"taxonomy":"category","embeddable":true,"href":"https:\/\/blogvaleco.com\/projeteoliendethoiresurdinan\/wp-json\/wp\/v2\/categories?post=109"},{"taxonomy":"post_tag","embeddable":true,"href":"https:\/\/blogvaleco.com\/projeteoliendethoiresurdinan\/wp-json\/wp\/v2\/tags?post=109"}],"curies":[{"name":"wp","href":"https:\/\/api.w.org\/{rel}","templated":true}]}}