{"id":107,"date":"2024-09-11T14:32:00","date_gmt":"2024-09-11T12:32:00","guid":{"rendered":"https:\/\/blogs.groupevaleco.com\/site-modele\/?p=107"},"modified":"2025-02-20T17:14:40","modified_gmt":"2025-02-20T16:14:40","slug":"actualite-2","status":"publish","type":"post","link":"https:\/\/blogvaleco.com\/projeteoliendethoiresurdinan\/2024\/09\/11\/actualite-2\/","title":{"rendered":"Comit\u00e9 de projet"},"content":{"rendered":"\n<p><strong>Contexte r\u00e9glementaire<\/strong><\/p>\n\n\n\n<p>Suite \u00e0 la loi n\u00b0 2023-175 du 10 mars 2023 relative \u00e0 l\u2019acc\u00e9l\u00e9ration de la production d\u2019\u00e9nergies renouvelables, les porteurs d\u2019un projet d\u2019\u00e9nergies renouvelables, hors zones d\u2019acc\u00e9l\u00e9ration et d\u00e9passant un certain seuil doivent organiser un comit\u00e9 de projet. Le gouvernement a publi\u00e9, au journal officiel du 24 d\u00e9cembre 2023, le d\u00e9cret n\u00b02023-1245 du 22 d\u00e9cembre 2023 relatif au comit\u00e9 de projet pr\u00e9vu \u00e0 l\u2019article L.211-9 du code de l\u2019\u00e9nergie. Ce d\u00e9cret pr\u00e9cise les conditions de mise en place des comit\u00e9s de projet.<\/p>\n\n\n\n<p>Dans le cadre du projet \u00e9olien de la Croix de l\u2019Hommeau port\u00e9 par Valeco sur la commune de Thoir\u00e9-sur-Dinan, la zone d\u2019implantation a fait l\u2019objet d\u2019une d\u00e9lib\u00e9ration municipale positive pour l\u2019inscrire en tant que zone d\u2019acc\u00e9l\u00e9ration \u00e9olienne. Toutefois, \u00e0 ce jour, les zones d\u2019acc\u00e9l\u00e9ration n\u2019ont pas \u00e9t\u00e9 arr\u00eat\u00e9es par le r\u00e9f\u00e9rent pr\u00e9fectoral ce qui ne permet pas de consid\u00e9rer celles-ci comme d\u00e9finitives.<\/p>\n\n\n\n<p>Un comit\u00e9 de projet a ainsi \u00e9t\u00e9 organis\u00e9 le&nbsp;<strong>mercredi 11 septembre 2024 \u00e0 19h30,&nbsp;<\/strong>\u00e0 la salle des f\u00eates de Thoir\u00e9-sur-Dinan<strong>.<\/strong><\/p>\n\n\n\n<p>Les \u00e9tudes men\u00e9es et les caract\u00e9ristiques du projet ont pr\u00e9sent\u00e9es conform\u00e9ment aux attentes du d\u00e9cret n\u00b02023-1245 du 22 d\u00e9cembre 2023, \u00e0 savoir :<\/p>\n\n\n\n<p class=\"has-text-align-left\">&#8211; Pr\u00e9sentation de Valeco<\/p>\n\n\n\n<p class=\"has-text-align-left\">&#8211; Historique et concertation sur le projet<\/p>\n\n\n\n<p class=\"has-text-align-left\">&#8211; Localisation du projet<\/p>\n\n\n\n<p class=\"has-text-align-left\">&#8211; Etudes de faisabilit\u00e9<\/p>\n\n\n\n<p class=\"has-text-align-left\">&#8211; Option de raccordement<\/p>\n\n\n\n<p class=\"has-text-align-left\">&#8211; Enjeux socio-\u00e9conomiques et co\u00fbts pr\u00e9visionnels<\/p>\n\n\n\n<p class=\"has-text-align-left\">&#8211; Etapes \u00e0 venir<\/p>\n\n\n\n<p>Vous trouverez&nbsp;<a href=\"https:\/\/blog.groupevaleco.com\/images\/medias\/00141\/240930-bilan-comite-de-projet_pe-de-la-croix-de-l-hommeau.pdf\" target=\"_blank\" rel=\"noreferrer noopener\">ici<\/a>&nbsp;le&nbsp;<strong>compte-rendu de ce comit\u00e9 de projet accompagn\u00e9 en annexe du support de pr\u00e9sentation<\/strong>&nbsp;utilis\u00e9 lors de la r\u00e9union.&nbsp;<\/p>\n\n\n\n<p>Bonne lecture.<\/p>\n","protected":false},"excerpt":{"rendered":"<p>Contexte r\u00e9glementaire Suite \u00e0 la loi n\u00b0 2023-175 du 10 mars 2023 relative \u00e0 l\u2019acc\u00e9l\u00e9ration de la production d\u2019\u00e9nergies renouvelables, les porteurs d\u2019un projet d\u2019\u00e9nergies renouvelables, hors zones d\u2019acc\u00e9l\u00e9ration et d\u00e9passant un certain seuil doivent organiser un comit\u00e9 de projet. Le gouvernement a publi\u00e9, au journal officiel du 24 d\u00e9cembre 2023, le d\u00e9cret n\u00b02023-1245 du [&hellip;]<\/p>\n","protected":false},"author":1,"featured_media":0,"comment_status":"closed","ping_status":"closed","sticky":false,"template":"","format":"standard","meta":{"_acf_changed":false,"inline_featured_image":false,"footnotes":""},"categories":[1],"tags":[],"class_list":["post-107","post","type-post","status-publish","format-standard","hentry","category-non-classe"],"acf":[],"_links":{"self":[{"href":"https:\/\/blogvaleco.com\/projeteoliendethoiresurdinan\/wp-json\/wp\/v2\/posts\/107","targetHints":{"allow":["GET"]}}],"collection":[{"href":"https:\/\/blogvaleco.com\/projeteoliendethoiresurdinan\/wp-json\/wp\/v2\/posts"}],"about":[{"href":"https:\/\/blogvaleco.com\/projeteoliendethoiresurdinan\/wp-json\/wp\/v2\/types\/post"}],"author":[{"embeddable":true,"href":"https:\/\/blogvaleco.com\/projeteoliendethoiresurdinan\/wp-json\/wp\/v2\/users\/1"}],"replies":[{"embeddable":true,"href":"https:\/\/blogvaleco.com\/projeteoliendethoiresurdinan\/wp-json\/wp\/v2\/comments?post=107"}],"version-history":[{"count":2,"href":"https:\/\/blogvaleco.com\/projeteoliendethoiresurdinan\/wp-json\/wp\/v2\/posts\/107\/revisions"}],"predecessor-version":[{"id":912,"href":"https:\/\/blogvaleco.com\/projeteoliendethoiresurdinan\/wp-json\/wp\/v2\/posts\/107\/revisions\/912"}],"wp:attachment":[{"href":"https:\/\/blogvaleco.com\/projeteoliendethoiresurdinan\/wp-json\/wp\/v2\/media?parent=107"}],"wp:term":[{"taxonomy":"category","embeddable":true,"href":"https:\/\/blogvaleco.com\/projeteoliendethoiresurdinan\/wp-json\/wp\/v2\/categories?post=107"},{"taxonomy":"post_tag","embeddable":true,"href":"https:\/\/blogvaleco.com\/projeteoliendethoiresurdinan\/wp-json\/wp\/v2\/tags?post=107"}],"curies":[{"name":"wp","href":"https:\/\/api.w.org\/{rel}","templated":true}]}}