{"id":1146,"date":"2025-12-03T12:01:12","date_gmt":"2025-12-03T11:01:12","guid":{"rendered":"https:\/\/blogvaleco.com\/perigordnontronnais\/?p=1146"},"modified":"2025-12-03T12:01:12","modified_gmt":"2025-12-03T11:01:12","slug":"photomontages","status":"publish","type":"post","link":"https:\/\/blogvaleco.com\/perigordnontronnais\/2025\/12\/03\/photomontages\/","title":{"rendered":"Photomontages"},"content":{"rendered":"\n<p>Dans le cadre de l\u2019insertion paysag\u00e8re du projet du P\u00e9rigord Nontronnais, Valeco a mandat\u00e9 plusieurs photomontages, bien que cette \u00e9tape ne soit pas exig\u00e9e, afin d\u2019offrir une meilleure lisibilit\u00e9 de l\u2019int\u00e9gration de la centrale agrivolta\u00efque dans le paysage.<br><br>La localisation des points de vue retenus est pr\u00e9sent\u00e9e sur la carte ci-dessous. Les photomontages ci-apr\u00e8s ne restituent pas l\u2019ensemble des vues \u00e9tudi\u00e9es, mais regroupent <strong>les points de vue consid\u00e9r\u00e9s comme les plus repr\u00e9sentatifs<\/strong>.<\/p>\n\n\n\n<figure class=\"wp-block-image size-full\"><img loading=\"lazy\" decoding=\"async\" width=\"993\" height=\"715\" src=\"https:\/\/blogvaleco.com\/perigordnontronnais\/wp-content\/uploads\/sites\/83\/2025\/12\/localisation-photomontages-blog-projet.png\" alt=\"\" class=\"wp-image-1171\" srcset=\"https:\/\/blogvaleco.com\/perigordnontronnais\/wp-content\/uploads\/sites\/83\/2025\/12\/localisation-photomontages-blog-projet.png 993w, https:\/\/blogvaleco.com\/perigordnontronnais\/wp-content\/uploads\/sites\/83\/2025\/12\/localisation-photomontages-blog-projet-300x216.png 300w, https:\/\/blogvaleco.com\/perigordnontronnais\/wp-content\/uploads\/sites\/83\/2025\/12\/localisation-photomontages-blog-projet-768x553.png 768w\" sizes=\"auto, (max-width: 993px) 100vw, 993px\" \/><\/figure>\n\n\n\n<p>Les photomontages r\u00e9alis\u00e9s sont les suivants :<\/p>\n\n\n\n<ul class=\"wp-block-list\">\n<li><strong>Petit Puyrigard (commune de Nontron)<\/strong> : point de vue situ\u00e9 \u00e0 l\u2019est du site.<br><\/li>\n<\/ul>\n\n\n\n<div class=\"wp-block-columns is-layout-flex wp-container-core-columns-is-layout-28f84493 wp-block-columns-is-layout-flex\">\n<div class=\"wp-block-column is-layout-flow wp-block-column-is-layout-flow\">\n<figure class=\"wp-block-image size-large\"><img loading=\"lazy\" decoding=\"async\" width=\"1024\" height=\"317\" src=\"https:\/\/blogvaleco.com\/perigordnontronnais\/wp-content\/uploads\/sites\/83\/2025\/12\/2_Avantbis-1-1024x317.jpg\" alt=\"\" class=\"wp-image-1151\" srcset=\"https:\/\/blogvaleco.com\/perigordnontronnais\/wp-content\/uploads\/sites\/83\/2025\/12\/2_Avantbis-1-1024x317.jpg 1024w, https:\/\/blogvaleco.com\/perigordnontronnais\/wp-content\/uploads\/sites\/83\/2025\/12\/2_Avantbis-1-300x93.jpg 300w, https:\/\/blogvaleco.com\/perigordnontronnais\/wp-content\/uploads\/sites\/83\/2025\/12\/2_Avantbis-1-768x238.jpg 768w, https:\/\/blogvaleco.com\/perigordnontronnais\/wp-content\/uploads\/sites\/83\/2025\/12\/2_Avantbis-1-1536x476.jpg 1536w, https:\/\/blogvaleco.com\/perigordnontronnais\/wp-content\/uploads\/sites\/83\/2025\/12\/2_Avantbis-1-2048x634.jpg 2048w\" sizes=\"auto, (max-width: 1024px) 100vw, 1024px\" \/><\/figure>\n<\/div>\n<\/div>\n\n\n\n<figure class=\"wp-block-image size-large\"><img loading=\"lazy\" decoding=\"async\" width=\"1024\" height=\"317\" src=\"https:\/\/blogvaleco.com\/perigordnontronnais\/wp-content\/uploads\/sites\/83\/2025\/12\/2_Apresbis-1024x317.jpg\" alt=\"\" class=\"wp-image-1152\" srcset=\"https:\/\/blogvaleco.com\/perigordnontronnais\/wp-content\/uploads\/sites\/83\/2025\/12\/2_Apresbis-1024x317.jpg 1024w, https:\/\/blogvaleco.com\/perigordnontronnais\/wp-content\/uploads\/sites\/83\/2025\/12\/2_Apresbis-300x93.jpg 300w, https:\/\/blogvaleco.com\/perigordnontronnais\/wp-content\/uploads\/sites\/83\/2025\/12\/2_Apresbis-768x238.jpg 768w, https:\/\/blogvaleco.com\/perigordnontronnais\/wp-content\/uploads\/sites\/83\/2025\/12\/2_Apresbis-1536x476.jpg 1536w, https:\/\/blogvaleco.com\/perigordnontronnais\/wp-content\/uploads\/sites\/83\/2025\/12\/2_Apresbis-2048x634.jpg 2048w\" sizes=\"auto, (max-width: 1024px) 100vw, 1024px\" \/><\/figure>\n\n\n\n<ul class=\"wp-block-list\">\n<li><strong>Hameau du Pic (commune de Nontron)<\/strong> : point de vue depuis le versant nord.<\/li>\n<\/ul>\n\n\n\n<div class=\"wp-block-columns is-layout-flex wp-container-core-columns-is-layout-28f84493 wp-block-columns-is-layout-flex\">\n<div class=\"wp-block-column is-layout-flow wp-block-column-is-layout-flow\">\n<figure class=\"wp-block-image size-large\"><img loading=\"lazy\" decoding=\"async\" width=\"1024\" height=\"313\" src=\"https:\/\/blogvaleco.com\/perigordnontronnais\/wp-content\/uploads\/sites\/83\/2025\/12\/5_Avantbis-1024x313.jpg\" alt=\"\" class=\"wp-image-1149\" srcset=\"https:\/\/blogvaleco.com\/perigordnontronnais\/wp-content\/uploads\/sites\/83\/2025\/12\/5_Avantbis-1024x313.jpg 1024w, https:\/\/blogvaleco.com\/perigordnontronnais\/wp-content\/uploads\/sites\/83\/2025\/12\/5_Avantbis-300x92.jpg 300w, https:\/\/blogvaleco.com\/perigordnontronnais\/wp-content\/uploads\/sites\/83\/2025\/12\/5_Avantbis-768x235.jpg 768w, https:\/\/blogvaleco.com\/perigordnontronnais\/wp-content\/uploads\/sites\/83\/2025\/12\/5_Avantbis-1536x469.jpg 1536w, https:\/\/blogvaleco.com\/perigordnontronnais\/wp-content\/uploads\/sites\/83\/2025\/12\/5_Avantbis-2048x626.jpg 2048w\" sizes=\"auto, (max-width: 1024px) 100vw, 1024px\" \/><\/figure>\n<\/div>\n<\/div>\n\n\n\n<figure class=\"wp-block-image size-large\"><img loading=\"lazy\" decoding=\"async\" width=\"1024\" height=\"313\" src=\"https:\/\/blogvaleco.com\/perigordnontronnais\/wp-content\/uploads\/sites\/83\/2025\/12\/5_Apresbis-1024x313.jpg\" alt=\"\" class=\"wp-image-1150\" srcset=\"https:\/\/blogvaleco.com\/perigordnontronnais\/wp-content\/uploads\/sites\/83\/2025\/12\/5_Apresbis-1024x313.jpg 1024w, https:\/\/blogvaleco.com\/perigordnontronnais\/wp-content\/uploads\/sites\/83\/2025\/12\/5_Apresbis-300x92.jpg 300w, https:\/\/blogvaleco.com\/perigordnontronnais\/wp-content\/uploads\/sites\/83\/2025\/12\/5_Apresbis-768x235.jpg 768w, https:\/\/blogvaleco.com\/perigordnontronnais\/wp-content\/uploads\/sites\/83\/2025\/12\/5_Apresbis-1536x469.jpg 1536w, https:\/\/blogvaleco.com\/perigordnontronnais\/wp-content\/uploads\/sites\/83\/2025\/12\/5_Apresbis-2048x626.jpg 2048w\" sizes=\"auto, (max-width: 1024px) 100vw, 1024px\" \/><\/figure>\n\n\n\n<ul class=\"wp-block-list\">\n<li><strong>La Flow V\u00e9lo (commune de Sceau-Saint-Angel)<\/strong> : illustration de la perception du projet depuis l\u2019itin\u00e9raire cyclable.<br><\/li>\n<\/ul>\n\n\n\n<div class=\"wp-block-group is-vertical is-layout-flex wp-container-core-group-is-layout-fe9cc265 wp-block-group-is-layout-flex\">\n<figure class=\"wp-block-image size-large\"><img loading=\"lazy\" decoding=\"async\" width=\"1024\" height=\"287\" src=\"https:\/\/blogvaleco.com\/perigordnontronnais\/wp-content\/uploads\/sites\/83\/2025\/12\/12_Avant-4-1024x287.jpg\" alt=\"\" class=\"wp-image-1159\" srcset=\"https:\/\/blogvaleco.com\/perigordnontronnais\/wp-content\/uploads\/sites\/83\/2025\/12\/12_Avant-4-1024x287.jpg 1024w, https:\/\/blogvaleco.com\/perigordnontronnais\/wp-content\/uploads\/sites\/83\/2025\/12\/12_Avant-4-300x84.jpg 300w, https:\/\/blogvaleco.com\/perigordnontronnais\/wp-content\/uploads\/sites\/83\/2025\/12\/12_Avant-4-768x215.jpg 768w, https:\/\/blogvaleco.com\/perigordnontronnais\/wp-content\/uploads\/sites\/83\/2025\/12\/12_Avant-4-1536x431.jpg 1536w, https:\/\/blogvaleco.com\/perigordnontronnais\/wp-content\/uploads\/sites\/83\/2025\/12\/12_Avant-4-2048x575.jpg 2048w\" sizes=\"auto, (max-width: 1024px) 100vw, 1024px\" \/><\/figure>\n\n\n\n<figure class=\"wp-block-image size-large\"><img loading=\"lazy\" decoding=\"async\" width=\"1024\" height=\"287\" src=\"https:\/\/blogvaleco.com\/perigordnontronnais\/wp-content\/uploads\/sites\/83\/2025\/12\/12_Apres-2-1024x287.jpg\" alt=\"\" class=\"wp-image-1160\" srcset=\"https:\/\/blogvaleco.com\/perigordnontronnais\/wp-content\/uploads\/sites\/83\/2025\/12\/12_Apres-2-1024x287.jpg 1024w, https:\/\/blogvaleco.com\/perigordnontronnais\/wp-content\/uploads\/sites\/83\/2025\/12\/12_Apres-2-300x84.jpg 300w, https:\/\/blogvaleco.com\/perigordnontronnais\/wp-content\/uploads\/sites\/83\/2025\/12\/12_Apres-2-768x215.jpg 768w, https:\/\/blogvaleco.com\/perigordnontronnais\/wp-content\/uploads\/sites\/83\/2025\/12\/12_Apres-2-1536x431.jpg 1536w, https:\/\/blogvaleco.com\/perigordnontronnais\/wp-content\/uploads\/sites\/83\/2025\/12\/12_Apres-2-2048x575.jpg 2048w\" sizes=\"auto, (max-width: 1024px) 100vw, 1024px\" \/><\/figure>\n\n\n\n<figure class=\"wp-block-image size-large\"><img loading=\"lazy\" decoding=\"async\" width=\"1024\" height=\"287\" src=\"https:\/\/blogvaleco.com\/perigordnontronnais\/wp-content\/uploads\/sites\/83\/2025\/12\/12_Apres_Vegetation-1024x287.jpg\" alt=\"\" class=\"wp-image-1161\" srcset=\"https:\/\/blogvaleco.com\/perigordnontronnais\/wp-content\/uploads\/sites\/83\/2025\/12\/12_Apres_Vegetation-1024x287.jpg 1024w, https:\/\/blogvaleco.com\/perigordnontronnais\/wp-content\/uploads\/sites\/83\/2025\/12\/12_Apres_Vegetation-300x84.jpg 300w, https:\/\/blogvaleco.com\/perigordnontronnais\/wp-content\/uploads\/sites\/83\/2025\/12\/12_Apres_Vegetation-768x215.jpg 768w, https:\/\/blogvaleco.com\/perigordnontronnais\/wp-content\/uploads\/sites\/83\/2025\/12\/12_Apres_Vegetation-1536x431.jpg 1536w, https:\/\/blogvaleco.com\/perigordnontronnais\/wp-content\/uploads\/sites\/83\/2025\/12\/12_Apres_Vegetation-2048x575.jpg 2048w\" sizes=\"auto, (max-width: 1024px) 100vw, 1024px\" \/><\/figure>\n<\/div>\n\n\n\n<ul class=\"wp-block-list\">\n<li><strong>Le Grolhier (commune de Saint-Martial-de-Valette)<\/strong> : photomontage mettant en \u00e9vidence le recul important appliqu\u00e9 sur ce secteur dans le cadre de l\u2019\u00e9vitement paysager. En effet, le photomontage ci-dessous repr\u00e9sente la version sans \u00e9vitement.<\/li>\n<\/ul>\n\n\n\n<div class=\"wp-block-group is-nowrap is-layout-flex wp-container-core-group-is-layout-6c531013 wp-block-group-is-layout-flex\">\n<div class=\"wp-block-group is-layout-constrained wp-block-group-is-layout-constrained\">\n<figure class=\"wp-block-image size-large\"><img loading=\"lazy\" decoding=\"async\" width=\"1024\" height=\"261\" src=\"https:\/\/blogvaleco.com\/perigordnontronnais\/wp-content\/uploads\/sites\/83\/2025\/12\/8_Avant-1-1024x261.jpg\" alt=\"\" class=\"wp-image-1163\" style=\"aspect-ratio:3.9234846738879927\" srcset=\"https:\/\/blogvaleco.com\/perigordnontronnais\/wp-content\/uploads\/sites\/83\/2025\/12\/8_Avant-1-1024x261.jpg 1024w, https:\/\/blogvaleco.com\/perigordnontronnais\/wp-content\/uploads\/sites\/83\/2025\/12\/8_Avant-1-300x76.jpg 300w, https:\/\/blogvaleco.com\/perigordnontronnais\/wp-content\/uploads\/sites\/83\/2025\/12\/8_Avant-1-768x196.jpg 768w, https:\/\/blogvaleco.com\/perigordnontronnais\/wp-content\/uploads\/sites\/83\/2025\/12\/8_Avant-1-1536x391.jpg 1536w, https:\/\/blogvaleco.com\/perigordnontronnais\/wp-content\/uploads\/sites\/83\/2025\/12\/8_Avant-1-2048x521.jpg 2048w\" sizes=\"auto, (max-width: 1024px) 100vw, 1024px\" \/><\/figure>\n<\/div>\n\n\n\n<figure class=\"wp-block-image size-large\"><img loading=\"lazy\" decoding=\"async\" width=\"1024\" height=\"261\" src=\"https:\/\/blogvaleco.com\/perigordnontronnais\/wp-content\/uploads\/sites\/83\/2025\/12\/8_Apres-1-1024x261.jpg\" alt=\"\" class=\"wp-image-1167\" srcset=\"https:\/\/blogvaleco.com\/perigordnontronnais\/wp-content\/uploads\/sites\/83\/2025\/12\/8_Apres-1-1024x261.jpg 1024w, https:\/\/blogvaleco.com\/perigordnontronnais\/wp-content\/uploads\/sites\/83\/2025\/12\/8_Apres-1-300x76.jpg 300w, https:\/\/blogvaleco.com\/perigordnontronnais\/wp-content\/uploads\/sites\/83\/2025\/12\/8_Apres-1-768x196.jpg 768w, https:\/\/blogvaleco.com\/perigordnontronnais\/wp-content\/uploads\/sites\/83\/2025\/12\/8_Apres-1-1536x391.jpg 1536w, https:\/\/blogvaleco.com\/perigordnontronnais\/wp-content\/uploads\/sites\/83\/2025\/12\/8_Apres-1-2048x521.jpg 2048w\" sizes=\"auto, (max-width: 1024px) 100vw, 1024px\" \/><\/figure>\n<\/div>\n\n\n\n<p>Le photomontage ci-apr\u00e8s repr\u00e9sente l&rsquo;implantation actuellement envisag\u00e9e, avec un recul paysager important. <\/p>\n\n\n\n<div class=\"wp-block-group is-nowrap is-layout-flex wp-container-core-group-is-layout-6c531013 wp-block-group-is-layout-flex\">\n<figure class=\"wp-block-image size-large\"><img loading=\"lazy\" decoding=\"async\" width=\"1024\" height=\"261\" src=\"https:\/\/blogvaleco.com\/perigordnontronnais\/wp-content\/uploads\/sites\/83\/2025\/12\/8_Apresbis-1024x261.jpg\" alt=\"\" class=\"wp-image-1164\" srcset=\"https:\/\/blogvaleco.com\/perigordnontronnais\/wp-content\/uploads\/sites\/83\/2025\/12\/8_Apresbis-1024x261.jpg 1024w, https:\/\/blogvaleco.com\/perigordnontronnais\/wp-content\/uploads\/sites\/83\/2025\/12\/8_Apresbis-300x76.jpg 300w, https:\/\/blogvaleco.com\/perigordnontronnais\/wp-content\/uploads\/sites\/83\/2025\/12\/8_Apresbis-768x196.jpg 768w, https:\/\/blogvaleco.com\/perigordnontronnais\/wp-content\/uploads\/sites\/83\/2025\/12\/8_Apresbis-1536x391.jpg 1536w, https:\/\/blogvaleco.com\/perigordnontronnais\/wp-content\/uploads\/sites\/83\/2025\/12\/8_Apresbis-2048x521.jpg 2048w\" sizes=\"auto, (max-width: 1024px) 100vw, 1024px\" \/><\/figure>\n<\/div>\n\n\n\n<figure class=\"wp-block-image size-large\"><img loading=\"lazy\" decoding=\"async\" width=\"1024\" height=\"261\" src=\"https:\/\/blogvaleco.com\/perigordnontronnais\/wp-content\/uploads\/sites\/83\/2025\/12\/8_Apres_Vegetationbis-1024x261.jpg\" alt=\"\" class=\"wp-image-1165\" srcset=\"https:\/\/blogvaleco.com\/perigordnontronnais\/wp-content\/uploads\/sites\/83\/2025\/12\/8_Apres_Vegetationbis-1024x261.jpg 1024w, https:\/\/blogvaleco.com\/perigordnontronnais\/wp-content\/uploads\/sites\/83\/2025\/12\/8_Apres_Vegetationbis-300x76.jpg 300w, https:\/\/blogvaleco.com\/perigordnontronnais\/wp-content\/uploads\/sites\/83\/2025\/12\/8_Apres_Vegetationbis-768x196.jpg 768w, https:\/\/blogvaleco.com\/perigordnontronnais\/wp-content\/uploads\/sites\/83\/2025\/12\/8_Apres_Vegetationbis-1536x391.jpg 1536w, https:\/\/blogvaleco.com\/perigordnontronnais\/wp-content\/uploads\/sites\/83\/2025\/12\/8_Apres_Vegetationbis-2048x521.jpg 2048w\" sizes=\"auto, (max-width: 1024px) 100vw, 1024px\" \/><\/figure>\n\n\n\n<ul class=\"wp-block-list\">\n<li><strong>Puy David (commune de Saint-Martial-de-Valette)<\/strong> : suite aux permanences d\u2019information, un retrait suppl\u00e9mentaire a \u00e9t\u00e9 op\u00e9r\u00e9 vis-\u00e0-vis des habitations ; le photomontage pr\u00e9sente la vue depuis le hameau avec ce nouveau recul.<br><\/li>\n<\/ul>\n\n\n\n<figure class=\"wp-block-image size-large is-resized\"><img loading=\"lazy\" decoding=\"async\" width=\"1024\" height=\"179\" src=\"https:\/\/blogvaleco.com\/perigordnontronnais\/wp-content\/uploads\/sites\/83\/2025\/12\/9_Avantbis-1024x179.jpg\" alt=\"\" class=\"wp-image-1168\" style=\"width:1200px;height:auto\" srcset=\"https:\/\/blogvaleco.com\/perigordnontronnais\/wp-content\/uploads\/sites\/83\/2025\/12\/9_Avantbis-1024x179.jpg 1024w, https:\/\/blogvaleco.com\/perigordnontronnais\/wp-content\/uploads\/sites\/83\/2025\/12\/9_Avantbis-300x52.jpg 300w, https:\/\/blogvaleco.com\/perigordnontronnais\/wp-content\/uploads\/sites\/83\/2025\/12\/9_Avantbis-768x134.jpg 768w, https:\/\/blogvaleco.com\/perigordnontronnais\/wp-content\/uploads\/sites\/83\/2025\/12\/9_Avantbis-1536x268.jpg 1536w, https:\/\/blogvaleco.com\/perigordnontronnais\/wp-content\/uploads\/sites\/83\/2025\/12\/9_Avantbis-2048x358.jpg 2048w\" sizes=\"auto, (max-width: 1024px) 100vw, 1024px\" \/><\/figure>\n\n\n\n<figure class=\"wp-block-image size-large is-resized\"><img loading=\"lazy\" decoding=\"async\" width=\"1024\" height=\"179\" src=\"https:\/\/blogvaleco.com\/perigordnontronnais\/wp-content\/uploads\/sites\/83\/2025\/12\/9_Apres_Vegetationbis-1024x179.jpg\" alt=\"\" class=\"wp-image-1170\" style=\"width:1200px;height:auto\" srcset=\"https:\/\/blogvaleco.com\/perigordnontronnais\/wp-content\/uploads\/sites\/83\/2025\/12\/9_Apres_Vegetationbis-1024x179.jpg 1024w, https:\/\/blogvaleco.com\/perigordnontronnais\/wp-content\/uploads\/sites\/83\/2025\/12\/9_Apres_Vegetationbis-300x52.jpg 300w, https:\/\/blogvaleco.com\/perigordnontronnais\/wp-content\/uploads\/sites\/83\/2025\/12\/9_Apres_Vegetationbis-768x134.jpg 768w, https:\/\/blogvaleco.com\/perigordnontronnais\/wp-content\/uploads\/sites\/83\/2025\/12\/9_Apres_Vegetationbis-1536x268.jpg 1536w, https:\/\/blogvaleco.com\/perigordnontronnais\/wp-content\/uploads\/sites\/83\/2025\/12\/9_Apres_Vegetationbis-2048x358.jpg 2048w\" sizes=\"auto, (max-width: 1024px) 100vw, 1024px\" \/><\/figure>\n","protected":false},"excerpt":{"rendered":"<p>Dans le cadre de l\u2019insertion paysag\u00e8re du projet du P\u00e9rigord Nontronnais, Valeco a mandat\u00e9 plusieurs photomontages, bien que cette \u00e9tape ne soit pas exig\u00e9e, afin d\u2019offrir une meilleure lisibilit\u00e9 de l\u2019int\u00e9gration de la centrale agrivolta\u00efque dans le paysage. La localisation des points de vue retenus est pr\u00e9sent\u00e9e sur la carte ci-dessous. Les photomontages ci-apr\u00e8s ne [&hellip;]<\/p>\n","protected":false},"author":36,"featured_media":0,"comment_status":"closed","ping_status":"closed","sticky":false,"template":"","format":"standard","meta":{"_acf_changed":false,"inline_featured_image":false,"footnotes":""},"categories":[1],"tags":[],"class_list":["post-1146","post","type-post","status-publish","format-standard","hentry","category-non-classe"],"acf":[],"_links":{"self":[{"href":"https:\/\/blogvaleco.com\/perigordnontronnais\/wp-json\/wp\/v2\/posts\/1146","targetHints":{"allow":["GET"]}}],"collection":[{"href":"https:\/\/blogvaleco.com\/perigordnontronnais\/wp-json\/wp\/v2\/posts"}],"about":[{"href":"https:\/\/blogvaleco.com\/perigordnontronnais\/wp-json\/wp\/v2\/types\/post"}],"author":[{"embeddable":true,"href":"https:\/\/blogvaleco.com\/perigordnontronnais\/wp-json\/wp\/v2\/users\/36"}],"replies":[{"embeddable":true,"href":"https:\/\/blogvaleco.com\/perigordnontronnais\/wp-json\/wp\/v2\/comments?post=1146"}],"version-history":[{"count":1,"href":"https:\/\/blogvaleco.com\/perigordnontronnais\/wp-json\/wp\/v2\/posts\/1146\/revisions"}],"predecessor-version":[{"id":1172,"href":"https:\/\/blogvaleco.com\/perigordnontronnais\/wp-json\/wp\/v2\/posts\/1146\/revisions\/1172"}],"wp:attachment":[{"href":"https:\/\/blogvaleco.com\/perigordnontronnais\/wp-json\/wp\/v2\/media?parent=1146"}],"wp:term":[{"taxonomy":"category","embeddable":true,"href":"https:\/\/blogvaleco.com\/perigordnontronnais\/wp-json\/wp\/v2\/categories?post=1146"},{"taxonomy":"post_tag","embeddable":true,"href":"https:\/\/blogvaleco.com\/perigordnontronnais\/wp-json\/wp\/v2\/tags?post=1146"}],"curies":[{"name":"wp","href":"https:\/\/api.w.org\/{rel}","templated":true}]}}