{"id":1141,"date":"2025-10-24T17:56:43","date_gmt":"2025-10-24T15:56:43","guid":{"rendered":"https:\/\/blogvaleco.com\/perigordnontronnais\/?p=1141"},"modified":"2025-10-24T17:56:43","modified_gmt":"2025-10-24T15:56:43","slug":"comite-de-projet","status":"publish","type":"post","link":"https:\/\/blogvaleco.com\/perigordnontronnais\/2025\/10\/24\/comite-de-projet\/","title":{"rendered":"Comit\u00e9 de projet"},"content":{"rendered":"\n<p>Le comit\u00e9 de projet s\u2019est tenu le <strong>8 octobre<\/strong>.<br><br>Cette r\u00e9union a rassembl\u00e9 les \u00e9lus des <strong>communes d\u2019implantation et limitrophes<\/strong>, des <strong>repr\u00e9sentants de la communaut\u00e9 de communes<\/strong>, un <strong>\u00e9lu de la Chambre d\u2019agriculture de la Dordogne<\/strong>, ainsi que le <strong>sous-pr\u00e9fet de Nontron<\/strong>.<\/p>\n\n\n\n<p>Ce comit\u00e9 s\u2019inscrit dans le cadre de la <strong>loi du 10 mars 2023 relative \u00e0 l\u2019acc\u00e9l\u00e9ration de la production des \u00e9nergies renouvelables (APER)<\/strong>. Tout projet situ\u00e9 en dehors d\u2019une <strong>zone d\u2019acc\u00e9l\u00e9ration (ZAEnR)<\/strong> doit \u00eatre pr\u00e9sent\u00e9 devant un comit\u00e9 de projet.<br>Les parcelles d\u2019implantation envisag\u00e9es pour le projet du <strong>P\u00e9rigord Nontronnais<\/strong> n\u2019\u00e9tant pas toutes localis\u00e9es en ZAEnR, la tenue de ce comit\u00e9 \u00e9tait donc requise.<\/p>\n\n\n\n<p>Le <strong>compte-rendu<\/strong> de cette r\u00e9union est joint au pr\u00e9sent document.<\/p>\n\n\n\n<div data-wp-interactive=\"core\/file\" class=\"wp-block-file\"><object data-wp-bind--hidden=\"!state.hasPdfPreview\" hidden class=\"wp-block-file__embed\" data=\"https:\/\/blogvaleco.com\/perigordnontronnais\/wp-content\/uploads\/sites\/83\/2025\/10\/251014_CR_Comite_de_Projet_Perigord_Nontronnais.pdf\" type=\"application\/pdf\" style=\"width:100%;height:600px\" aria-label=\"Contenu embarqu\u00e9 251014_CR_Comite_de_Projet_P\u00e9rigord_Nontronnais.\"><\/object><a id=\"wp-block-file--media-7733fa35-a1dd-42fe-9f8d-cc976add6967\" href=\"https:\/\/blogvaleco.com\/perigordnontronnais\/wp-content\/uploads\/sites\/83\/2025\/10\/251014_CR_Comite_de_Projet_Perigord_Nontronnais.pdf\">251014_CR_Comite_de_Projet_P\u00e9rigord_Nontronnais<\/a><a href=\"https:\/\/blogvaleco.com\/perigordnontronnais\/wp-content\/uploads\/sites\/83\/2025\/10\/251014_CR_Comite_de_Projet_Perigord_Nontronnais.pdf\" class=\"wp-block-file__button wp-element-button\" download aria-describedby=\"wp-block-file--media-7733fa35-a1dd-42fe-9f8d-cc976add6967\">T\u00e9l\u00e9charger<\/a><\/div>\n","protected":false},"excerpt":{"rendered":"<p>Le comit\u00e9 de projet s\u2019est tenu le 8 octobre. Cette r\u00e9union a rassembl\u00e9 les \u00e9lus des communes d\u2019implantation et limitrophes, des repr\u00e9sentants de la communaut\u00e9 de communes, un \u00e9lu de la Chambre d\u2019agriculture de la Dordogne, ainsi que le sous-pr\u00e9fet de Nontron. Ce comit\u00e9 s\u2019inscrit dans le cadre de la loi du 10 mars 2023 [&hellip;]<\/p>\n","protected":false},"author":36,"featured_media":0,"comment_status":"closed","ping_status":"closed","sticky":false,"template":"","format":"standard","meta":{"_acf_changed":false,"inline_featured_image":false,"footnotes":""},"categories":[1],"tags":[],"class_list":["post-1141","post","type-post","status-publish","format-standard","hentry","category-non-classe"],"acf":[],"_links":{"self":[{"href":"https:\/\/blogvaleco.com\/perigordnontronnais\/wp-json\/wp\/v2\/posts\/1141","targetHints":{"allow":["GET"]}}],"collection":[{"href":"https:\/\/blogvaleco.com\/perigordnontronnais\/wp-json\/wp\/v2\/posts"}],"about":[{"href":"https:\/\/blogvaleco.com\/perigordnontronnais\/wp-json\/wp\/v2\/types\/post"}],"author":[{"embeddable":true,"href":"https:\/\/blogvaleco.com\/perigordnontronnais\/wp-json\/wp\/v2\/users\/36"}],"replies":[{"embeddable":true,"href":"https:\/\/blogvaleco.com\/perigordnontronnais\/wp-json\/wp\/v2\/comments?post=1141"}],"version-history":[{"count":1,"href":"https:\/\/blogvaleco.com\/perigordnontronnais\/wp-json\/wp\/v2\/posts\/1141\/revisions"}],"predecessor-version":[{"id":1143,"href":"https:\/\/blogvaleco.com\/perigordnontronnais\/wp-json\/wp\/v2\/posts\/1141\/revisions\/1143"}],"wp:attachment":[{"href":"https:\/\/blogvaleco.com\/perigordnontronnais\/wp-json\/wp\/v2\/media?parent=1141"}],"wp:term":[{"taxonomy":"category","embeddable":true,"href":"https:\/\/blogvaleco.com\/perigordnontronnais\/wp-json\/wp\/v2\/categories?post=1141"},{"taxonomy":"post_tag","embeddable":true,"href":"https:\/\/blogvaleco.com\/perigordnontronnais\/wp-json\/wp\/v2\/tags?post=1141"}],"curies":[{"name":"wp","href":"https:\/\/api.w.org\/{rel}","templated":true}]}}