{"id":1133,"date":"2025-10-06T14:38:55","date_gmt":"2025-10-06T12:38:55","guid":{"rendered":"https:\/\/blogvaleco.com\/perigordnontronnais\/?p=1133"},"modified":"2025-10-06T14:38:55","modified_gmt":"2025-10-06T12:38:55","slug":"permanences-dinformation","status":"publish","type":"post","link":"https:\/\/blogvaleco.com\/perigordnontronnais\/2025\/10\/06\/permanences-dinformation\/","title":{"rendered":"Permanences d&rsquo;information"},"content":{"rendered":"\n<p>Dans le cadre de la concertation riveraine,<strong><mark class=\"has-inline-color has-secondary-color\"> deux permanences d\u2019information<\/mark><\/strong> sont organis\u00e9es afin d\u2019inviter les habitants des communes d&rsquo;implantation \u00e0 venir \u00e9changer directement avec les porteurs du projet.<br>Ces rencontres s\u2019inscrivent dans la d\u00e9marche de concertation men\u00e9e en amont du projet, afin de recueillir les remarques des riverains.<\/p>\n\n\n\n<p>Ces temps d\u2019\u00e9change privil\u00e9gi\u00e9s permettront de pr\u00e9senter les zones d\u2019implantation actuellement envisag\u00e9es, d\u2019expliquer les principaux enjeux \u00e9vit\u00e9s, et de r\u00e9pondre \u00e0 l\u2019ensemble des questions qui pourraient subsister. Des cartes et documents explicatifs seront disponibles afin de faciliter la compr\u00e9hension du projet.<\/p>\n\n\n\n<p>Deux permanences sont ainsi programm\u00e9es :<\/p>\n\n\n\n<ul class=\"wp-block-list\">\n<li><strong><mark class=\"has-inline-color has-secondary-color\">Mercredi 8 octobre, de 16h \u00e0 19h<\/mark><\/strong>, \u00e0 la <strong>salle de l\u2019ancien Presbyt\u00e8re de Saint-Pardoux-la-Rivi\u00e8re<\/strong>, pour les habitants de <mark class=\"has-inline-color has-secondary-color\"><strong>Saint-Pardoux-la-Rivi\u00e8re<\/strong> et de <strong>Nontron<\/strong><\/mark> ;<\/li>\n\n\n\n<li><strong><mark class=\"has-inline-color has-secondary-color\">Jeudi 9 octobre, de 16h \u00e0 19h<\/mark><\/strong>, \u00e0 la <strong>salle des f\u00eates de Saint-Martial-de-Valette<\/strong>, pour les habitants de <mark class=\"has-inline-color has-secondary-color\"><strong>Saint-Martial-de-Valette<\/strong> et de <strong>Sceau-Saint-Angel<\/strong><\/mark>.<\/li>\n<\/ul>\n\n\n\n<p>Les riverains sont encourag\u00e9s \u00e0 venir s\u2019informer et \u00e9changer sur le projet lors de ces permanences ouvertes \u00e0 tous.<\/p>\n\n\n\n<p><\/p>\n","protected":false},"excerpt":{"rendered":"<p>Dans le cadre de la concertation riveraine, deux permanences d\u2019information sont organis\u00e9es afin d\u2019inviter les habitants des communes d&rsquo;implantation \u00e0 venir \u00e9changer directement avec les porteurs du projet.Ces rencontres s\u2019inscrivent dans la d\u00e9marche de concertation men\u00e9e en amont du projet, afin de recueillir les remarques des riverains. Ces temps d\u2019\u00e9change privil\u00e9gi\u00e9s permettront de pr\u00e9senter les [&hellip;]<\/p>\n","protected":false},"author":36,"featured_media":0,"comment_status":"closed","ping_status":"closed","sticky":false,"template":"","format":"standard","meta":{"_acf_changed":false,"inline_featured_image":false,"footnotes":""},"categories":[1],"tags":[],"class_list":["post-1133","post","type-post","status-publish","format-standard","hentry","category-non-classe"],"acf":[],"_links":{"self":[{"href":"https:\/\/blogvaleco.com\/perigordnontronnais\/wp-json\/wp\/v2\/posts\/1133","targetHints":{"allow":["GET"]}}],"collection":[{"href":"https:\/\/blogvaleco.com\/perigordnontronnais\/wp-json\/wp\/v2\/posts"}],"about":[{"href":"https:\/\/blogvaleco.com\/perigordnontronnais\/wp-json\/wp\/v2\/types\/post"}],"author":[{"embeddable":true,"href":"https:\/\/blogvaleco.com\/perigordnontronnais\/wp-json\/wp\/v2\/users\/36"}],"replies":[{"embeddable":true,"href":"https:\/\/blogvaleco.com\/perigordnontronnais\/wp-json\/wp\/v2\/comments?post=1133"}],"version-history":[{"count":1,"href":"https:\/\/blogvaleco.com\/perigordnontronnais\/wp-json\/wp\/v2\/posts\/1133\/revisions"}],"predecessor-version":[{"id":1134,"href":"https:\/\/blogvaleco.com\/perigordnontronnais\/wp-json\/wp\/v2\/posts\/1133\/revisions\/1134"}],"wp:attachment":[{"href":"https:\/\/blogvaleco.com\/perigordnontronnais\/wp-json\/wp\/v2\/media?parent=1133"}],"wp:term":[{"taxonomy":"category","embeddable":true,"href":"https:\/\/blogvaleco.com\/perigordnontronnais\/wp-json\/wp\/v2\/categories?post=1133"},{"taxonomy":"post_tag","embeddable":true,"href":"https:\/\/blogvaleco.com\/perigordnontronnais\/wp-json\/wp\/v2\/tags?post=1133"}],"curies":[{"name":"wp","href":"https:\/\/api.w.org\/{rel}","templated":true}]}}