{"id":1125,"date":"2025-08-07T17:11:16","date_gmt":"2025-08-07T15:11:16","guid":{"rendered":"https:\/\/blogvaleco.com\/perigordnontronnais\/?p=1125"},"modified":"2025-08-07T17:14:40","modified_gmt":"2025-08-07T15:14:40","slug":"concertation-avec-les-elus-du-territoire","status":"publish","type":"post","link":"https:\/\/blogvaleco.com\/perigordnontronnais\/2025\/08\/07\/concertation-avec-les-elus-du-territoire\/","title":{"rendered":"Concertation avec les \u00e9lus du territoire"},"content":{"rendered":"\n<p>Dans le cadre de ses projets, <strong>Valeco engage une concertation d\u00e8s les premi\u00e8res \u00e9tapes de d\u00e9veloppement<\/strong>, en \u00e9troite collaboration avec les \u00e9lus du territoire. Les premiers \u00e9changes ont lieu en amont avec les repr\u00e9sentants locaux \u2014 pr\u00e9sident et r\u00e9f\u00e9rent urbanisme de l\u2019EPCI, maires des communes d\u2019implantation \u2014 afin de construire un projet partag\u00e9 et adapt\u00e9 aux sp\u00e9cificit\u00e9s du territoire.<\/p>\n\n\n\n<p>D\u00e8s le d\u00e9but du d\u00e9veloppement, Valeco a mis en place des <strong>comit\u00e9s de suivi r\u00e9unissant les maires concern\u00e9s, des repr\u00e9sentants de la communaut\u00e9 de communes et les exploitants agricoles impliqu\u00e9s dans le projet<\/strong>. Depuis f\u00e9vrier 2024, <strong>quatre comit\u00e9s de suivi<\/strong> ont \u00e9t\u00e9 organis\u00e9s.<\/p>\n\n\n\n<h3 class=\"wp-block-heading\">1\u1d49 comit\u00e9 de suivi \u2013 27 f\u00e9vrier 2024<\/h3>\n\n\n\n<p>Cette premi\u00e8re r\u00e9union visait \u00e0 partager les actualit\u00e9s du projet avec l\u2019ensemble des parties prenantes.<br>Parmi les sujets abord\u00e9s figuraient les zones d\u2019acc\u00e9l\u00e9ration pour les \u00e9nergies renouvelables, les b\u00e9n\u00e9fices associ\u00e9s \u00e0 l\u2019agrivolta\u00efsme, ainsi qu\u2019un point sur les prochaines \u00e9tapes du d\u00e9veloppement.<\/p>\n\n\n\n<h3 class=\"wp-block-heading\">2\u1d49 comit\u00e9 de suivi \u2013 25 juin 2024<\/h3>\n\n\n\n<p>Cette r\u00e9union a permis de faire un point d\u2019avancement du projet et de partager les \u00e9volutions du cadre r\u00e9glementaire.<br>Le th\u00e8me central portait sur la <strong>concertation locale<\/strong>, avec une mise en lumi\u00e8re des enjeux li\u00e9s \u00e0 la diffusion de l\u2019information et \u00e0 la communication aupr\u00e8s des riverains.<br>\u00c0 cette occasion, les participants ont identifi\u00e9 certaines zones du projet n\u00e9cessitant une attention particuli\u00e8re, notamment en mati\u00e8re de communication. <strong>La mise en place d\u2019une d\u00e9marche de porte-\u00e0-porte<\/strong> a alors \u00e9t\u00e9 \u00e9voqu\u00e9e.<\/p>\n\n\n\n<h3 class=\"wp-block-heading\">3\u1d49 comit\u00e9 de suivi \u2013 28 novembre 2024<\/h3>\n\n\n\n<p>L\u2019objectif de ce troisi\u00e8me comit\u00e9 \u00e9tait de faire le point sur les actions engag\u00e9es et d\u2019en partager les avanc\u00e9es.<br>Le <strong>d\u00e9roulement de la d\u00e9marche de porte-\u00e0-porte<\/strong> a \u00e9t\u00e9 pr\u00e9sent\u00e9, ainsi que ses objectifs : <strong>sensibiliser les riverains<\/strong> et <strong>recueillir leurs perceptions<\/strong>.<br>Les <strong>premiers r\u00e9sultats des \u00e9tudes techniques et environnementales<\/strong> ont \u00e9galement \u00e9t\u00e9 partag\u00e9s, offrant un aper\u00e7u des \u00e9l\u00e9ments d\u00e9j\u00e0 analys\u00e9s et des prochaines \u00e9tapes.<\/p>\n\n\n\n<h3 class=\"wp-block-heading\">4\u1d49 comit\u00e9 de suivi \u2013 8 juillet 2025<\/h3>\n\n\n\n<p>Ce quatri\u00e8me comit\u00e9 a permis de dresser un bilan du <strong>porte-\u00e0-porte<\/strong>, de pr\u00e9senter l\u2019<strong>implantation d\u00e9sormais quasi finalis\u00e9e<\/strong>, d\u2019introduire le <strong>dispositif d\u2019autoconsommation collective<\/strong> et de pr\u00e9parer l\u2019organisation des prochaines <strong>permanences d\u2019information<\/strong> \u00e0 destination du public.<\/p>\n\n\n\n<p><\/p>\n","protected":false},"excerpt":{"rendered":"<p>Dans le cadre de ses projets, Valeco engage une concertation d\u00e8s les premi\u00e8res \u00e9tapes de d\u00e9veloppement, en \u00e9troite collaboration avec les \u00e9lus du territoire. Les premiers \u00e9changes ont lieu en amont avec les repr\u00e9sentants locaux \u2014 pr\u00e9sident et r\u00e9f\u00e9rent urbanisme de l\u2019EPCI, maires des communes d\u2019implantation \u2014 afin de construire un projet partag\u00e9 et adapt\u00e9 [&hellip;]<\/p>\n","protected":false},"author":36,"featured_media":0,"comment_status":"closed","ping_status":"closed","sticky":false,"template":"","format":"standard","meta":{"_acf_changed":false,"inline_featured_image":false,"footnotes":""},"categories":[1],"tags":[],"class_list":["post-1125","post","type-post","status-publish","format-standard","hentry","category-non-classe"],"acf":[],"_links":{"self":[{"href":"https:\/\/blogvaleco.com\/perigordnontronnais\/wp-json\/wp\/v2\/posts\/1125","targetHints":{"allow":["GET"]}}],"collection":[{"href":"https:\/\/blogvaleco.com\/perigordnontronnais\/wp-json\/wp\/v2\/posts"}],"about":[{"href":"https:\/\/blogvaleco.com\/perigordnontronnais\/wp-json\/wp\/v2\/types\/post"}],"author":[{"embeddable":true,"href":"https:\/\/blogvaleco.com\/perigordnontronnais\/wp-json\/wp\/v2\/users\/36"}],"replies":[{"embeddable":true,"href":"https:\/\/blogvaleco.com\/perigordnontronnais\/wp-json\/wp\/v2\/comments?post=1125"}],"version-history":[{"count":3,"href":"https:\/\/blogvaleco.com\/perigordnontronnais\/wp-json\/wp\/v2\/posts\/1125\/revisions"}],"predecessor-version":[{"id":1129,"href":"https:\/\/blogvaleco.com\/perigordnontronnais\/wp-json\/wp\/v2\/posts\/1125\/revisions\/1129"}],"wp:attachment":[{"href":"https:\/\/blogvaleco.com\/perigordnontronnais\/wp-json\/wp\/v2\/media?parent=1125"}],"wp:term":[{"taxonomy":"category","embeddable":true,"href":"https:\/\/blogvaleco.com\/perigordnontronnais\/wp-json\/wp\/v2\/categories?post=1125"},{"taxonomy":"post_tag","embeddable":true,"href":"https:\/\/blogvaleco.com\/perigordnontronnais\/wp-json\/wp\/v2\/tags?post=1125"}],"curies":[{"name":"wp","href":"https:\/\/api.w.org\/{rel}","templated":true}]}}