{"id":1103,"date":"2025-07-16T10:09:04","date_gmt":"2025-07-16T08:09:04","guid":{"rendered":"https:\/\/blogvaleco.com\/perigordnontronnais\/?p=1103"},"modified":"2025-07-16T10:10:20","modified_gmt":"2025-07-16T08:10:20","slug":"cadre-reglementaire-de-lagrivoltaisme","status":"publish","type":"post","link":"https:\/\/blogvaleco.com\/perigordnontronnais\/2025\/07\/16\/cadre-reglementaire-de-lagrivoltaisme\/","title":{"rendered":"Cadre r\u00e9glementaire de l&rsquo;agrivolta\u00efsme"},"content":{"rendered":"\n<h2 class=\"wp-block-heading\"><strong><mark style=\"background-color:#ffffff\" class=\"has-inline-color has-secondary-color\">Loi APER<\/mark><\/strong><\/h2>\n\n\n\n<p>L\u2019agrivolta\u00efsme a \u00e9t\u00e9 d\u00e9fini sur le plan r\u00e9glementaire par la <strong>loi APER<\/strong> (Acc\u00e9l\u00e9ration de la Production d\u2019\u00c9nergies Renouvelables) du <strong>10 mars 2023<\/strong>. Une installation est consid\u00e9r\u00e9e comme agrivolta\u00efque d\u00e8s lors qu\u2019elle <strong>contribue au maintien ou au d\u00e9veloppement d\u2019une activit\u00e9 agricole<\/strong>, tout en garantissant une <strong>production agricole significative<\/strong> et un <strong>revenu durable<\/strong> pour l\u2019exploitant.<\/p>\n\n\n\n<p>Selon cette loi, un projet agrivolta\u00efque doit <strong>fournir un ou plusieurs services \u00e0 l\u2019agriculture,<\/strong> tels que :<br>\u2013 l\u2019am\u00e9lioration du potentiel agronomique,<br>\u2013 la protection contre les al\u00e9as climatiques,<br>\u2013 l\u2019adaptation au changement climatique,<br>\u2013 ou encore l&rsquo;am\u00e9lioration du bien-\u00eatre animal.<\/p>\n\n\n\n<p>L\u2019<strong>activit\u00e9 agricole doit rester pr\u00e9dominante sur la parcelle concern\u00e9e<\/strong>. Ce principe se traduit par trois exigences principales :<br>\u2013 le taux de couverture par les panneaux solaires ne doit pas exc\u00e9der 40 % de la surface de la parcelle,<br>\u2013 la perte de surface agricole ne peut d\u00e9passer 10 %,<br>\u2013 l\u2019am\u00e9nagement doit \u00eatre con\u00e7u de mani\u00e8re \u00e0 ne pas entraver l\u2019activit\u00e9 agricole, notamment en tenant compte de la hauteur des structures et de l\u2019espacement entre les rangs, afin de pr\u00e9server la circulation des engins agricoles et la s\u00e9curit\u00e9 des animaux.<\/p>\n\n\n\n<p>Par ailleurs, la loi renforce le r\u00f4le de la <strong>CDPENAF<\/strong> (Commission D\u00e9partementale pour la Protection des Espaces Naturels, Agricoles et Forestiers), dont l\u2019avis devient d\u00e9sormais conforme \u2014 et non plus simplement consultatif \u2014 sur les projets agrivolta\u00efques.<\/p>\n\n\n\n<h2 class=\"wp-block-heading\"><mark style=\"background-color:#ffffff\" class=\"has-inline-color has-secondary-color\">D\u00e9cret du 8 avril 2024<\/mark><\/h2>\n\n\n\n<p>Le d\u00e9cret du 8 avril 2024 est venu pr\u00e9ciser les conditions r\u00e9glementaires de mise en \u0153uvre des projets agrivolta\u00efques, en application de la loi APER. Il introduit notamment une exigence de <strong>rendement agricole minimal<\/strong>, imposant que la production issue de la zone \u00e9quip\u00e9e atteigne <strong>au moins 90<\/strong><strong>\u202f% du rendement observ<\/strong><strong>\u00e9 sur une zone t<\/strong><strong>\u00e9moin<\/strong>, non couverte par des panneaux et repr\u00e9sentative des pratiques agricoles habituelles.<\/p>\n\n\n\n<p>Le d\u00e9cret encadre \u00e9galement la <strong>fin de vie des installations<\/strong> en instaurant une <strong>obligation de d\u00e9mant\u00e8lement<\/strong> et de <strong>remise en \u00e9tat du site<\/strong> \u00e0 la charge de l&rsquo;exploitant. \u00c0 ce titre, une <strong>garantie financi\u00e8re<\/strong> doit \u00eatre pr\u00e9vue d\u00e8s le d\u00e9p\u00f4t du projet pour couvrir les co\u00fbts \u00e9ventuels li\u00e9s \u00e0 cette op\u00e9ration.<\/p>\n\n\n\n<p>Par ailleurs, le texte pr\u00e9voit plusieurs <strong>\u00e9tapes de contr\u00f4le r\u00e9glementaire<\/strong> :<\/p>\n\n\n\n<ul class=\"wp-block-list\">\n<li>un <strong>contr\u00f4le \u00e0 la mise en service<\/strong> pour v\u00e9rifier la conformit\u00e9 initiale de l\u2019installation ;<\/li>\n\n\n\n<li>un <strong>contr\u00f4le au cours de la sixi\u00e8me ann\u00e9e<\/strong> d\u2019exploitation, destin\u00e9 \u00e0 \u00e9valuer la durabilit\u00e9 des b\u00e9n\u00e9fices agricoles annonc\u00e9s ;<\/li>\n\n\n\n<li>et, en fin de vie, l\u2019exigence d\u2019un <strong>rapport d\u00e9taill\u00e9<\/strong> attestant du <strong>d\u00e9mant\u00e8lement effectif<\/strong> des installations et de la <strong>remise en \u00e9tat des terrains agricoles<\/strong>.<\/li>\n<\/ul>\n\n\n\n<p>Ces contr\u00f4les s\u2019inscrivent dans une logique de suivi renforc\u00e9 de la compatibilit\u00e9 des projets agrivolta\u00efques avec l\u2019activit\u00e9 agricole, en coh\u00e9rence avec les exigences de production durable et de pr\u00e9servation des sols agricoles.<\/p>\n\n\n\n<h2 class=\"wp-block-heading\"><mark style=\"background-color:#ffffff\" class=\"has-inline-color has-secondary-color\">Instruction technique DGPE\/SDPE\/2025\u201193 du 18 f\u00e9vrier 2025<\/mark><\/h2>\n\n\n\n<p>L\u2019instruction minist\u00e9rielle du 18 f\u00e9vrier 2025, adress\u00e9e aux pr\u00e9fets, pr\u00e9cise les modalit\u00e9s concr\u00e8tes de mise en \u0153uvre du cadre r\u00e9glementaire applicable aux projets agrivolta\u00efques. Elle apporte notamment des clarifications sur la <strong>d\u00e9finition de la parcelle agricole de r\u00e9f\u00e9rence<\/strong>, sur laquelle s\u2019appliquent les plafonds r\u00e9glementaires, dont la <strong>limitation \u00e0 40<\/strong><strong>\u202f% de taux de couverture par les panneaux photovolta<\/strong><strong>\u00efques<\/strong>.<\/p>\n\n\n\n<p>L\u2019instruction d\u00e9taille \u00e9galement les <strong>modalit\u00e9s de contr\u00f4le<\/strong> \u00e0 chaque \u00e9tape du projet : \u00e0 la mise en service, au cours de la sixi\u00e8me ann\u00e9e d\u2019exploitation, et lors du d\u00e9mant\u00e8lement. Elle pr\u00e9voit enfin un <strong>dispositif de sanctions<\/strong> en cas de non-respect des engagements agricoles ou des conditions fix\u00e9es par l\u2019autorisation.<\/p>\n\n\n\n<p><\/p>\n","protected":false},"excerpt":{"rendered":"<p>Loi APER L\u2019agrivolta\u00efsme a \u00e9t\u00e9 d\u00e9fini sur le plan r\u00e9glementaire par la loi APER (Acc\u00e9l\u00e9ration de la Production d\u2019\u00c9nergies Renouvelables) du 10 mars 2023. Une installation est consid\u00e9r\u00e9e comme agrivolta\u00efque d\u00e8s lors qu\u2019elle contribue au maintien ou au d\u00e9veloppement d\u2019une activit\u00e9 agricole, tout en garantissant une production agricole significative et un revenu durable pour l\u2019exploitant. [&hellip;]<\/p>\n","protected":false},"author":36,"featured_media":0,"comment_status":"closed","ping_status":"closed","sticky":false,"template":"","format":"standard","meta":{"_acf_changed":false,"inline_featured_image":false,"footnotes":""},"categories":[1],"tags":[],"class_list":["post-1103","post","type-post","status-publish","format-standard","hentry","category-non-classe"],"acf":[],"_links":{"self":[{"href":"https:\/\/blogvaleco.com\/perigordnontronnais\/wp-json\/wp\/v2\/posts\/1103","targetHints":{"allow":["GET"]}}],"collection":[{"href":"https:\/\/blogvaleco.com\/perigordnontronnais\/wp-json\/wp\/v2\/posts"}],"about":[{"href":"https:\/\/blogvaleco.com\/perigordnontronnais\/wp-json\/wp\/v2\/types\/post"}],"author":[{"embeddable":true,"href":"https:\/\/blogvaleco.com\/perigordnontronnais\/wp-json\/wp\/v2\/users\/36"}],"replies":[{"embeddable":true,"href":"https:\/\/blogvaleco.com\/perigordnontronnais\/wp-json\/wp\/v2\/comments?post=1103"}],"version-history":[{"count":2,"href":"https:\/\/blogvaleco.com\/perigordnontronnais\/wp-json\/wp\/v2\/posts\/1103\/revisions"}],"predecessor-version":[{"id":1105,"href":"https:\/\/blogvaleco.com\/perigordnontronnais\/wp-json\/wp\/v2\/posts\/1103\/revisions\/1105"}],"wp:attachment":[{"href":"https:\/\/blogvaleco.com\/perigordnontronnais\/wp-json\/wp\/v2\/media?parent=1103"}],"wp:term":[{"taxonomy":"category","embeddable":true,"href":"https:\/\/blogvaleco.com\/perigordnontronnais\/wp-json\/wp\/v2\/categories?post=1103"},{"taxonomy":"post_tag","embeddable":true,"href":"https:\/\/blogvaleco.com\/perigordnontronnais\/wp-json\/wp\/v2\/tags?post=1103"}],"curies":[{"name":"wp","href":"https:\/\/api.w.org\/{rel}","templated":true}]}}