{"id":105,"date":"2025-01-20T09:30:24","date_gmt":"2025-01-20T08:30:24","guid":{"rendered":"https:\/\/blogs.groupevaleco.com\/site-modele\/?p=105"},"modified":"2025-01-20T16:39:15","modified_gmt":"2025-01-20T15:39:15","slug":"actualite-1","status":"publish","type":"post","link":"https:\/\/blogvaleco.com\/perigordnontronnais\/2025\/01\/20\/actualite-1\/","title":{"rendered":"Porte \u00e0 porte le 23 et 24\/01"},"content":{"rendered":"\n<p>En ce mois de janvier 2025, l&rsquo;\u00e9quipe projet a organis\u00e9 un porte-\u00e0-porte pour venir \u00e0 la rencontre des riverains les plus proches des parcelles concern\u00e9es.<br>L&rsquo;objectif ? Vous informer de fa\u00e7on privil\u00e9gi\u00e9e et se mettre \u00e0 l&rsquo;\u00e9coute de vos questions et attentes vis-\u00e0-vis du projet.<\/p>\n\n\n\n<p>Que vous ayez une nouvelle question suite \u00e0 nos \u00e9changes, ou que vous nous ayez manqu\u00e9s lors de notre passage, n&rsquo;h\u00e9sitez pas \u00e0 nous contacter via la rubrique \u00ab\u00a0Poser<br>une question\u00a0\u00bb sur le blog projet.<\/p>\n\n\n\n<p>Vous trouverez la lettre d&rsquo;information distribu\u00e9e lors de ce porte-\u00e0-porte dans la rubrique \u00ab\u00a0Le territoire\u00a0\u00bb.<\/p>\n\n\n\n<p><\/p>\n\n\n\n<p><\/p>\n","protected":false},"excerpt":{"rendered":"<p>En ce mois de janvier 2025, l&rsquo;\u00e9quipe projet a organis\u00e9 un porte-\u00e0-porte pour venir \u00e0 la rencontre des riverains les plus proches des parcelles concern\u00e9es.L&rsquo;objectif ? Vous informer de fa\u00e7on privil\u00e9gi\u00e9e et se mettre \u00e0 l&rsquo;\u00e9coute de vos questions et attentes vis-\u00e0-vis du projet. Que vous ayez une nouvelle question suite \u00e0 nos \u00e9changes, ou [&hellip;]<\/p>\n","protected":false},"author":39,"featured_media":0,"comment_status":"closed","ping_status":"closed","sticky":false,"template":"","format":"standard","meta":{"_acf_changed":false,"inline_featured_image":false,"footnotes":""},"categories":[1],"tags":[],"class_list":["post-105","post","type-post","status-publish","format-standard","hentry","category-non-classe"],"acf":[],"_links":{"self":[{"href":"https:\/\/blogvaleco.com\/perigordnontronnais\/wp-json\/wp\/v2\/posts\/105","targetHints":{"allow":["GET"]}}],"collection":[{"href":"https:\/\/blogvaleco.com\/perigordnontronnais\/wp-json\/wp\/v2\/posts"}],"about":[{"href":"https:\/\/blogvaleco.com\/perigordnontronnais\/wp-json\/wp\/v2\/types\/post"}],"author":[{"embeddable":true,"href":"https:\/\/blogvaleco.com\/perigordnontronnais\/wp-json\/wp\/v2\/users\/39"}],"replies":[{"embeddable":true,"href":"https:\/\/blogvaleco.com\/perigordnontronnais\/wp-json\/wp\/v2\/comments?post=105"}],"version-history":[{"count":4,"href":"https:\/\/blogvaleco.com\/perigordnontronnais\/wp-json\/wp\/v2\/posts\/105\/revisions"}],"predecessor-version":[{"id":1061,"href":"https:\/\/blogvaleco.com\/perigordnontronnais\/wp-json\/wp\/v2\/posts\/105\/revisions\/1061"}],"wp:attachment":[{"href":"https:\/\/blogvaleco.com\/perigordnontronnais\/wp-json\/wp\/v2\/media?parent=105"}],"wp:term":[{"taxonomy":"category","embeddable":true,"href":"https:\/\/blogvaleco.com\/perigordnontronnais\/wp-json\/wp\/v2\/categories?post=105"},{"taxonomy":"post_tag","embeddable":true,"href":"https:\/\/blogvaleco.com\/perigordnontronnais\/wp-json\/wp\/v2\/tags?post=105"}],"curies":[{"name":"wp","href":"https:\/\/api.w.org\/{rel}","templated":true}]}}