{"id":982,"date":"2025-10-30T12:25:05","date_gmt":"2025-10-30T11:25:05","guid":{"rendered":"https:\/\/blogvaleco.com\/la-ferriere-en-parthenay\/?p=982"},"modified":"2025-10-30T12:25:05","modified_gmt":"2025-10-30T11:25:05","slug":"comite-de-pilotage-n2","status":"publish","type":"post","link":"https:\/\/blogvaleco.com\/la-ferriere-en-parthenay\/2025\/10\/30\/comite-de-pilotage-n2\/","title":{"rendered":"Comit\u00e9 de pilotage n\u00b02"},"content":{"rendered":"\n<p>Un deuxi\u00e8me\u00a0<strong>comit\u00e9 de pilotage<\/strong>\u00a0pour le projet \u00e9olien de La Ferri\u00e8re-en-Parthenay a \u00e9t\u00e9 organis\u00e9 le 23 octobre 2025. Ce comit\u00e9 \u00e9tait compos\u00e9 du porteur de projet et des \u00e9lus de la commune de La Ferri\u00e8re-en-Parthenay.<\/p>\n\n\n\n<p>Plusieurs sujets ont pu \u00eatre abord\u00e9s au cours de la r\u00e9union :<\/p>\n\n\n\n<ul class=\"wp-block-list\">\n<li>Avanc\u00e9es du projet<\/li>\n\n\n\n<li>Calendrier pr\u00e9visionnel<\/li>\n\n\n\n<li>Concertation de la population de La Ferri\u00e8re-en-Parthenay<\/li>\n\n\n\n<li>Prochaines \u00e9tapes<\/li>\n<\/ul>\n\n\n\n<p><\/p>\n","protected":false},"excerpt":{"rendered":"<p>Un deuxi\u00e8me\u00a0comit\u00e9 de pilotage\u00a0pour le projet \u00e9olien de La Ferri\u00e8re-en-Parthenay a \u00e9t\u00e9 organis\u00e9 le 23 octobre 2025. Ce comit\u00e9 \u00e9tait compos\u00e9 du porteur de projet et des \u00e9lus de la commune de La Ferri\u00e8re-en-Parthenay. Plusieurs sujets ont pu \u00eatre abord\u00e9s au cours de la r\u00e9union :<\/p>\n","protected":false},"author":88,"featured_media":0,"comment_status":"closed","ping_status":"closed","sticky":false,"template":"","format":"standard","meta":{"_acf_changed":false,"inline_featured_image":false,"footnotes":""},"categories":[1],"tags":[],"class_list":["post-982","post","type-post","status-publish","format-standard","hentry","category-non-classe"],"acf":[],"_links":{"self":[{"href":"https:\/\/blogvaleco.com\/la-ferriere-en-parthenay\/wp-json\/wp\/v2\/posts\/982","targetHints":{"allow":["GET"]}}],"collection":[{"href":"https:\/\/blogvaleco.com\/la-ferriere-en-parthenay\/wp-json\/wp\/v2\/posts"}],"about":[{"href":"https:\/\/blogvaleco.com\/la-ferriere-en-parthenay\/wp-json\/wp\/v2\/types\/post"}],"author":[{"embeddable":true,"href":"https:\/\/blogvaleco.com\/la-ferriere-en-parthenay\/wp-json\/wp\/v2\/users\/88"}],"replies":[{"embeddable":true,"href":"https:\/\/blogvaleco.com\/la-ferriere-en-parthenay\/wp-json\/wp\/v2\/comments?post=982"}],"version-history":[{"count":1,"href":"https:\/\/blogvaleco.com\/la-ferriere-en-parthenay\/wp-json\/wp\/v2\/posts\/982\/revisions"}],"predecessor-version":[{"id":983,"href":"https:\/\/blogvaleco.com\/la-ferriere-en-parthenay\/wp-json\/wp\/v2\/posts\/982\/revisions\/983"}],"wp:attachment":[{"href":"https:\/\/blogvaleco.com\/la-ferriere-en-parthenay\/wp-json\/wp\/v2\/media?parent=982"}],"wp:term":[{"taxonomy":"category","embeddable":true,"href":"https:\/\/blogvaleco.com\/la-ferriere-en-parthenay\/wp-json\/wp\/v2\/categories?post=982"},{"taxonomy":"post_tag","embeddable":true,"href":"https:\/\/blogvaleco.com\/la-ferriere-en-parthenay\/wp-json\/wp\/v2\/tags?post=982"}],"curies":[{"name":"wp","href":"https:\/\/api.w.org\/{rel}","templated":true}]}}