{"id":962,"date":"2025-10-01T17:10:58","date_gmt":"2025-10-01T15:10:58","guid":{"rendered":"https:\/\/blogvaleco.com\/la-ferriere-en-parthenay\/?p=962"},"modified":"2025-10-01T17:10:58","modified_gmt":"2025-10-01T15:10:58","slug":"permanence-dinformation-n1","status":"publish","type":"post","link":"https:\/\/blogvaleco.com\/la-ferriere-en-parthenay\/2025\/10\/01\/permanence-dinformation-n1\/","title":{"rendered":"Permanence d&rsquo;information n\u00b01"},"content":{"rendered":"\n<p>Les 11 et 12 juin 2025 s&rsquo;est tenue la premi\u00e8re permanence d&rsquo;information autour du projet \u00e9olien de La Ferri\u00e8re-en-Parthenay. Cet \u00e9v\u00e8nement a permis de pr\u00e9senter les grandes lignes du projet, notamment gr\u00e2ce \u00e0 des supports visuels d\u00e9taill\u00e9s, et d&rsquo;\u00e9changer directement avec les habitants. <\/p>\n\n\n\n<p>Nous remercions les participants pour leurs questions et leur participation \u00e0 cette premi\u00e8re session d&rsquo;information. Vous pouvez d\u00e8s \u00e0 pr\u00e9sent consulter (ou reconsulter) les panneaux utilis\u00e9s lors de cette permanence ci-dessous. <\/p>\n\n\n\n<div data-wp-interactive=\"core\/file\" class=\"wp-block-file\"><object data-wp-bind--hidden=\"!state.hasPdfPreview\" hidden class=\"wp-block-file__embed\" data=\"https:\/\/blogvaleco.com\/la-ferriere-en-parthenay\/wp-content\/uploads\/sites\/96\/2025\/10\/Panneau_Millac-enjeux-energetiques_FORMAT_A0_imp.pdf\" type=\"application\/pdf\" style=\"width:100%;height:600px\" aria-label=\"Contenu embarqu\u00e9 Panneau_Millac-enjeux-\u00e9nerg\u00e9tiques_FORMAT_A0_imp.\"><\/object><a id=\"wp-block-file--media-311527ad-64b1-4bdd-a28c-8e7c590bb160\" href=\"https:\/\/blogvaleco.com\/la-ferriere-en-parthenay\/wp-content\/uploads\/sites\/96\/2025\/10\/Panneau_Millac-enjeux-energetiques_FORMAT_A0_imp.pdf\">Panneau_Millac-enjeux-\u00e9nerg\u00e9tiques_FORMAT_A0_imp<\/a><a href=\"https:\/\/blogvaleco.com\/la-ferriere-en-parthenay\/wp-content\/uploads\/sites\/96\/2025\/10\/Panneau_Millac-enjeux-energetiques_FORMAT_A0_imp.pdf\" class=\"wp-block-file__button wp-element-button\" download aria-describedby=\"wp-block-file--media-311527ad-64b1-4bdd-a28c-8e7c590bb160\">T\u00e9l\u00e9charger<\/a><\/div>\n\n\n\n<div data-wp-interactive=\"core\/file\" class=\"wp-block-file\"><object data-wp-bind--hidden=\"!state.hasPdfPreview\" hidden class=\"wp-block-file__embed\" data=\"https:\/\/blogvaleco.com\/la-ferriere-en-parthenay\/wp-content\/uploads\/sites\/96\/2025\/10\/Panneau_Millac-idees_recues_sur_eolien_FORMAT_A0_imp.pdf\" type=\"application\/pdf\" style=\"width:100%;height:600px\" aria-label=\"Contenu embarqu\u00e9 Panneau_Millac-id\u00e9es_re\u00e7ues_sur_\u00e9olien_FORMAT_A0_imp.\"><\/object><a id=\"wp-block-file--media-b056df11-69f6-4c5e-bf5b-69927b346d7e\" href=\"https:\/\/blogvaleco.com\/la-ferriere-en-parthenay\/wp-content\/uploads\/sites\/96\/2025\/10\/Panneau_Millac-idees_recues_sur_eolien_FORMAT_A0_imp.pdf\">Panneau_Millac-id\u00e9es_re\u00e7ues_sur_\u00e9olien_FORMAT_A0_imp<\/a><a href=\"https:\/\/blogvaleco.com\/la-ferriere-en-parthenay\/wp-content\/uploads\/sites\/96\/2025\/10\/Panneau_Millac-idees_recues_sur_eolien_FORMAT_A0_imp.pdf\" class=\"wp-block-file__button wp-element-button\" download aria-describedby=\"wp-block-file--media-b056df11-69f6-4c5e-bf5b-69927b346d7e\">T\u00e9l\u00e9charger<\/a><\/div>\n\n\n\n<div data-wp-interactive=\"core\/file\" class=\"wp-block-file\"><object data-wp-bind--hidden=\"!state.hasPdfPreview\" hidden class=\"wp-block-file__embed\" data=\"https:\/\/blogvaleco.com\/la-ferriere-en-parthenay\/wp-content\/uploads\/sites\/96\/2025\/10\/Panneau_LFeP_presentation_projet_imp.pdf\" type=\"application\/pdf\" style=\"width:100%;height:600px\" aria-label=\"Contenu embarqu\u00e9 Panneau_LFeP_pr\u00e9sentation_projet_imp.\"><\/object><a id=\"wp-block-file--media-00621edc-0cb7-4391-9727-b40e7228c842\" href=\"https:\/\/blogvaleco.com\/la-ferriere-en-parthenay\/wp-content\/uploads\/sites\/96\/2025\/10\/Panneau_LFeP_presentation_projet_imp.pdf\">Panneau_LFeP_pr\u00e9sentation_projet_imp<\/a><a href=\"https:\/\/blogvaleco.com\/la-ferriere-en-parthenay\/wp-content\/uploads\/sites\/96\/2025\/10\/Panneau_LFeP_presentation_projet_imp.pdf\" class=\"wp-block-file__button wp-element-button\" download aria-describedby=\"wp-block-file--media-00621edc-0cb7-4391-9727-b40e7228c842\">T\u00e9l\u00e9charger<\/a><\/div>\n","protected":false},"excerpt":{"rendered":"<p>Les 11 et 12 juin 2025 s&rsquo;est tenue la premi\u00e8re permanence d&rsquo;information autour du projet \u00e9olien de La Ferri\u00e8re-en-Parthenay. Cet \u00e9v\u00e8nement a permis de pr\u00e9senter les grandes lignes du projet, notamment gr\u00e2ce \u00e0 des supports visuels d\u00e9taill\u00e9s, et d&rsquo;\u00e9changer directement avec les habitants. Nous remercions les participants pour leurs questions et leur participation \u00e0 cette [&hellip;]<\/p>\n","protected":false},"author":88,"featured_media":0,"comment_status":"closed","ping_status":"closed","sticky":false,"template":"","format":"standard","meta":{"_acf_changed":false,"inline_featured_image":false,"footnotes":""},"categories":[1],"tags":[],"class_list":["post-962","post","type-post","status-publish","format-standard","hentry","category-non-classe"],"acf":[],"_links":{"self":[{"href":"https:\/\/blogvaleco.com\/la-ferriere-en-parthenay\/wp-json\/wp\/v2\/posts\/962","targetHints":{"allow":["GET"]}}],"collection":[{"href":"https:\/\/blogvaleco.com\/la-ferriere-en-parthenay\/wp-json\/wp\/v2\/posts"}],"about":[{"href":"https:\/\/blogvaleco.com\/la-ferriere-en-parthenay\/wp-json\/wp\/v2\/types\/post"}],"author":[{"embeddable":true,"href":"https:\/\/blogvaleco.com\/la-ferriere-en-parthenay\/wp-json\/wp\/v2\/users\/88"}],"replies":[{"embeddable":true,"href":"https:\/\/blogvaleco.com\/la-ferriere-en-parthenay\/wp-json\/wp\/v2\/comments?post=962"}],"version-history":[{"count":1,"href":"https:\/\/blogvaleco.com\/la-ferriere-en-parthenay\/wp-json\/wp\/v2\/posts\/962\/revisions"}],"predecessor-version":[{"id":966,"href":"https:\/\/blogvaleco.com\/la-ferriere-en-parthenay\/wp-json\/wp\/v2\/posts\/962\/revisions\/966"}],"wp:attachment":[{"href":"https:\/\/blogvaleco.com\/la-ferriere-en-parthenay\/wp-json\/wp\/v2\/media?parent=962"}],"wp:term":[{"taxonomy":"category","embeddable":true,"href":"https:\/\/blogvaleco.com\/la-ferriere-en-parthenay\/wp-json\/wp\/v2\/categories?post=962"},{"taxonomy":"post_tag","embeddable":true,"href":"https:\/\/blogvaleco.com\/la-ferriere-en-parthenay\/wp-json\/wp\/v2\/tags?post=962"}],"curies":[{"name":"wp","href":"https:\/\/api.w.org\/{rel}","templated":true}]}}