{"id":960,"date":"2025-10-01T16:25:40","date_gmt":"2025-10-01T14:25:40","guid":{"rendered":"https:\/\/blogvaleco.com\/la-ferriere-en-parthenay\/?p=960"},"modified":"2025-10-01T16:25:40","modified_gmt":"2025-10-01T14:25:40","slug":"comite-de-pilotage-n1","status":"publish","type":"post","link":"https:\/\/blogvaleco.com\/la-ferriere-en-parthenay\/2025\/10\/01\/comite-de-pilotage-n1\/","title":{"rendered":"Comit\u00e9 de pilotage n\u00b01"},"content":{"rendered":"\n<p>Un premier\u00a0<strong>comit\u00e9 de pilotage<\/strong>\u00a0pour le projet \u00e9olien de La Ferri\u00e8re-en-Parthenay a \u00e9t\u00e9 organis\u00e9 le 20 mai 2025. Ce comit\u00e9 \u00e9tait compos\u00e9 du porteur de projet et des \u00e9lus de la commune de La Ferri\u00e8re-en-Parthenay.<\/p>\n\n\n\n<p>Cette r\u00e9union fut l\u2019occasion d\u2019initier les premiers \u00e9changes et de permettre aux nouveaux interlocuteurs Valeco de bien se faire identifier.<\/p>\n\n\n\n<p>Le projet est pass\u00e9 en phase dite de d\u00e9veloppement en janvier 2025. Cette phase d\u00e9bute par le lancement des \u00e9tudes environnementales sur site, se poursuit par la d\u00e9finition de l\u2019implantation des \u00e9oliennes, le montage du dossier administratif et se termine par la d\u00e9cision pr\u00e9fectorale finale qui autorisera ou non la construction du projet.\u00a0<\/p>\n\n\n\n<p>Plusieurs sujets ont pu \u00eatre abord\u00e9s au cours de la r\u00e9union :<\/p>\n\n\n\n<ul class=\"wp-block-list\">\n<li>Raisons de la r\u00e9partition d\u00e9s\u00e9quilibr\u00e9e des \u00e9oliennes au Nord de la r\u00e9gion <\/li>\n\n\n\n<li>Raisons de la d\u00e9finition de la zone <\/li>\n\n\n\n<li>D\u00e9tails de la phase de d\u00e9veloppement<\/li>\n\n\n\n<li>Calendrier pr\u00e9visionnel <\/li>\n\n\n\n<li>Concertation de la population de La Ferri\u00e8re-en-Parthenay<\/li>\n\n\n\n<li>&#8230;<\/li>\n<\/ul>\n\n\n\n<p><\/p>\n\n\n\n<p><\/p>\n","protected":false},"excerpt":{"rendered":"<p>Un premier\u00a0comit\u00e9 de pilotage\u00a0pour le projet \u00e9olien de La Ferri\u00e8re-en-Parthenay a \u00e9t\u00e9 organis\u00e9 le 20 mai 2025. Ce comit\u00e9 \u00e9tait compos\u00e9 du porteur de projet et des \u00e9lus de la commune de La Ferri\u00e8re-en-Parthenay. Cette r\u00e9union fut l\u2019occasion d\u2019initier les premiers \u00e9changes et de permettre aux nouveaux interlocuteurs Valeco de bien se faire identifier. Le [&hellip;]<\/p>\n","protected":false},"author":88,"featured_media":0,"comment_status":"closed","ping_status":"closed","sticky":false,"template":"","format":"standard","meta":{"_acf_changed":false,"inline_featured_image":false,"footnotes":""},"categories":[1],"tags":[],"class_list":["post-960","post","type-post","status-publish","format-standard","hentry","category-non-classe"],"acf":[],"_links":{"self":[{"href":"https:\/\/blogvaleco.com\/la-ferriere-en-parthenay\/wp-json\/wp\/v2\/posts\/960","targetHints":{"allow":["GET"]}}],"collection":[{"href":"https:\/\/blogvaleco.com\/la-ferriere-en-parthenay\/wp-json\/wp\/v2\/posts"}],"about":[{"href":"https:\/\/blogvaleco.com\/la-ferriere-en-parthenay\/wp-json\/wp\/v2\/types\/post"}],"author":[{"embeddable":true,"href":"https:\/\/blogvaleco.com\/la-ferriere-en-parthenay\/wp-json\/wp\/v2\/users\/88"}],"replies":[{"embeddable":true,"href":"https:\/\/blogvaleco.com\/la-ferriere-en-parthenay\/wp-json\/wp\/v2\/comments?post=960"}],"version-history":[{"count":1,"href":"https:\/\/blogvaleco.com\/la-ferriere-en-parthenay\/wp-json\/wp\/v2\/posts\/960\/revisions"}],"predecessor-version":[{"id":961,"href":"https:\/\/blogvaleco.com\/la-ferriere-en-parthenay\/wp-json\/wp\/v2\/posts\/960\/revisions\/961"}],"wp:attachment":[{"href":"https:\/\/blogvaleco.com\/la-ferriere-en-parthenay\/wp-json\/wp\/v2\/media?parent=960"}],"wp:term":[{"taxonomy":"category","embeddable":true,"href":"https:\/\/blogvaleco.com\/la-ferriere-en-parthenay\/wp-json\/wp\/v2\/categories?post=960"},{"taxonomy":"post_tag","embeddable":true,"href":"https:\/\/blogvaleco.com\/la-ferriere-en-parthenay\/wp-json\/wp\/v2\/tags?post=960"}],"curies":[{"name":"wp","href":"https:\/\/api.w.org\/{rel}","templated":true}]}}