{"id":951,"date":"2025-10-01T15:17:30","date_gmt":"2025-10-01T13:17:30","guid":{"rendered":"https:\/\/blogvaleco.com\/la-ferriere-en-parthenay\/?p=951"},"modified":"2025-10-01T15:17:30","modified_gmt":"2025-10-01T13:17:30","slug":"lancement-de-letude-paysagere-et-patrimoniale","status":"publish","type":"post","link":"https:\/\/blogvaleco.com\/la-ferriere-en-parthenay\/2025\/10\/01\/lancement-de-letude-paysagere-et-patrimoniale\/","title":{"rendered":"Lancement de l&rsquo;\u00e9tude paysag\u00e8re et patrimoniale"},"content":{"rendered":"\n<p>Nous avons entam\u00e9 l\u2019\u00e9tude paysag\u00e8re du projet en\u00a0<strong>juillet 2025\u00a0<\/strong>pour \u00e9valuer l\u2019impact de notre projet sur le paysage et le patrimoine local. Cette d\u00e9marche vise \u00e0 pr\u00e9server l\u2019identit\u00e9 visuelle du territoire tout en s\u2019assurant que notre projet s\u2019int\u00e8gre harmonieusement dans son environnement.<\/p>\n\n\n\n<p>Ce volet consiste \u00e0 analyser le projet \u00e0 diff\u00e9rentes \u00e9chelles : rapproch\u00e9e, interm\u00e9diaire, \u00e9loign\u00e9e\u2026 Elle prend en compte les diff\u00e9rents enjeux (paysages embl\u00e9matiques, monuments historiques, etc.) afin d\u2019orienter le dimensionnement du projet de mani\u00e8re \u00e0 ce qu\u2019il s\u2019int\u00e8gre le mieux possible dans le paysage.<\/p>\n\n\n\n<p>Cela passe \u00e9galement par la r\u00e9alisation de photomontages, dont le proc\u00e9d\u00e9 est norm\u00e9 de mani\u00e8re \u00e0 ce que le rendu soit le plus r\u00e9aliste possible. Les photomontages sont r\u00e9alis\u00e9s via des logiciels sp\u00e9cialis\u00e9s utilisant des Mod\u00e8les Num\u00e9riques de Terrain (MNT) qui permettent de caler tr\u00e8s pr\u00e9cis\u00e9ment les \u00e9oliennes sur l\u2019horizon.<\/p>\n\n\n\n<h3 class=\"wp-block-heading\">Objectifs de l\u2019\u00c9tude :<\/h3>\n\n\n\n<ol class=\"wp-block-list\">\n<li><strong>Pr\u00e9server le paysage et le patrimoine<\/strong>\u00a0: Identifier les caract\u00e9ristiques visuelles du territoire, y compris les \u00e9l\u00e9ments prot\u00e9g\u00e9s, et \u00e9valuer leur capacit\u00e9 \u00e0 accueillir des \u00e9oliennes.<\/li>\n\n\n\n<li><strong>Optimiser le projet<\/strong>\u00a0: Analyser les effets potentiels du projet sur le paysage et le patrimoine, et explorer des variantes d\u2019implantation pour minimiser les impacts visuels.<\/li>\n\n\n\n<li><strong>Informer et impliquer le public<\/strong>\u00a0: Recueillir les avis des populations locales sur leur paysage pour aboutir \u00e0 une vision partag\u00e9e et socialement accept\u00e9e du projet.<\/li>\n<\/ol>\n\n\n\n<h3 class=\"wp-block-heading\">D\u00e9marche :<\/h3>\n\n\n\n<p>L\u2019\u00e9tude permettra de recenser les \u00e9l\u00e9ments paysagers et patrimoniaux importants, de mesurer les effets visuels des \u00e9oliennes, et de proposer des am\u00e9nagements adapt\u00e9s pour pr\u00e9server l\u2019int\u00e9grit\u00e9 du paysage tout en r\u00e9pondant aux besoins du projet.<\/p>\n\n\n\n<p><strong>Vous pourrez retrouver les informations concernant cette \u00e9tude sur cette page d\u00e8s qu\u2019elle sera achev\u00e9e !<\/strong><\/p>\n","protected":false},"excerpt":{"rendered":"<p>Nous avons entam\u00e9 l\u2019\u00e9tude paysag\u00e8re du projet en\u00a0juillet 2025\u00a0pour \u00e9valuer l\u2019impact de notre projet sur le paysage et le patrimoine local. Cette d\u00e9marche vise \u00e0 pr\u00e9server l\u2019identit\u00e9 visuelle du territoire tout en s\u2019assurant que notre projet s\u2019int\u00e8gre harmonieusement dans son environnement. Ce volet consiste \u00e0 analyser le projet \u00e0 diff\u00e9rentes \u00e9chelles : rapproch\u00e9e, interm\u00e9diaire, \u00e9loign\u00e9e\u2026 [&hellip;]<\/p>\n","protected":false},"author":88,"featured_media":0,"comment_status":"closed","ping_status":"closed","sticky":false,"template":"","format":"standard","meta":{"_acf_changed":false,"inline_featured_image":false,"footnotes":""},"categories":[1],"tags":[],"class_list":["post-951","post","type-post","status-publish","format-standard","hentry","category-non-classe"],"acf":[],"_links":{"self":[{"href":"https:\/\/blogvaleco.com\/la-ferriere-en-parthenay\/wp-json\/wp\/v2\/posts\/951","targetHints":{"allow":["GET"]}}],"collection":[{"href":"https:\/\/blogvaleco.com\/la-ferriere-en-parthenay\/wp-json\/wp\/v2\/posts"}],"about":[{"href":"https:\/\/blogvaleco.com\/la-ferriere-en-parthenay\/wp-json\/wp\/v2\/types\/post"}],"author":[{"embeddable":true,"href":"https:\/\/blogvaleco.com\/la-ferriere-en-parthenay\/wp-json\/wp\/v2\/users\/88"}],"replies":[{"embeddable":true,"href":"https:\/\/blogvaleco.com\/la-ferriere-en-parthenay\/wp-json\/wp\/v2\/comments?post=951"}],"version-history":[{"count":1,"href":"https:\/\/blogvaleco.com\/la-ferriere-en-parthenay\/wp-json\/wp\/v2\/posts\/951\/revisions"}],"predecessor-version":[{"id":952,"href":"https:\/\/blogvaleco.com\/la-ferriere-en-parthenay\/wp-json\/wp\/v2\/posts\/951\/revisions\/952"}],"wp:attachment":[{"href":"https:\/\/blogvaleco.com\/la-ferriere-en-parthenay\/wp-json\/wp\/v2\/media?parent=951"}],"wp:term":[{"taxonomy":"category","embeddable":true,"href":"https:\/\/blogvaleco.com\/la-ferriere-en-parthenay\/wp-json\/wp\/v2\/categories?post=951"},{"taxonomy":"post_tag","embeddable":true,"href":"https:\/\/blogvaleco.com\/la-ferriere-en-parthenay\/wp-json\/wp\/v2\/tags?post=951"}],"curies":[{"name":"wp","href":"https:\/\/api.w.org\/{rel}","templated":true}]}}