{"id":105,"date":"2024-03-07T14:32:24","date_gmt":"2024-03-07T13:32:24","guid":{"rendered":"https:\/\/blogs.groupevaleco.com\/site-modele\/?p=105"},"modified":"2025-10-01T15:47:30","modified_gmt":"2025-10-01T13:47:30","slug":"actualite-1","status":"publish","type":"post","link":"https:\/\/blogvaleco.com\/la-ferriere-en-parthenay\/2024\/03\/07\/actualite-1\/","title":{"rendered":"Lancement de l&rsquo;\u00e9tude des milieux naturels"},"content":{"rendered":"\n<p><strong><br>Lancement de l\u2019\u00e9tude environnementale : pourquoi est-ce important ?<\/strong><\/p>\n\n\n\n<p>Nous avons lanc\u00e9 l\u2019\u00e9tude des milieux naturels du projet en\u00a0<strong>mars 2025<\/strong>\u00a0afin d\u2019\u00e9valuer son impact sur les \u00e9cosyst\u00e8mes locaux. Cette \u00e9tude vise \u00e0 identifier les habitats, la flore, et la faune pr\u00e9sents sur le site, en analysant les interactions entre les esp\u00e8ces et leur environnement.<\/p>\n\n\n\n<h3 class=\"wp-block-heading\">Objectifs :<\/h3>\n\n\n\n<ul class=\"wp-block-list\">\n<li><strong>Inventorier les esp\u00e8ces<\/strong>&nbsp;: Recenser les plantes, animaux et habitats naturels sur le site.<\/li>\n\n\n\n<li><strong>\u00c9valuer les impacts<\/strong>&nbsp;: Comprendre comment le projet pourrait affecter ces \u00e9cosyst\u00e8mes.<\/li>\n\n\n\n<li><strong>Prot\u00e9ger la biodiversit\u00e9<\/strong>&nbsp;: Identifier les esp\u00e8ces vuln\u00e9rables et proposer des mesures pour les pr\u00e9server.<\/li>\n<\/ul>\n\n\n\n<p>Cette d\u00e9marche garantit que notre projet respecte l\u2019environnement tout en r\u00e9pondant aux normes de conservation.<\/p>\n\n\n\n<p><strong>Vous pourrez retrouver les informations concernant cette \u00e9tude sur cette page d\u00e8s qu\u2019elle sera achev\u00e9e !<\/strong><\/p>\n\n\n\n<p><\/p>\n","protected":false},"excerpt":{"rendered":"<p>Lancement de l\u2019\u00e9tude environnementale : pourquoi est-ce important ? Nous avons lanc\u00e9 l\u2019\u00e9tude des milieux naturels du projet en\u00a0mars 2025\u00a0afin d\u2019\u00e9valuer son impact sur les \u00e9cosyst\u00e8mes locaux. Cette \u00e9tude vise \u00e0 identifier les habitats, la flore, et la faune pr\u00e9sents sur le site, en analysant les interactions entre les esp\u00e8ces et leur environnement. Objectifs : [&hellip;]<\/p>\n","protected":false},"author":1,"featured_media":0,"comment_status":"closed","ping_status":"closed","sticky":false,"template":"","format":"standard","meta":{"_acf_changed":false,"inline_featured_image":false,"footnotes":""},"categories":[1],"tags":[],"class_list":["post-105","post","type-post","status-publish","format-standard","hentry","category-non-classe"],"acf":[],"_links":{"self":[{"href":"https:\/\/blogvaleco.com\/la-ferriere-en-parthenay\/wp-json\/wp\/v2\/posts\/105","targetHints":{"allow":["GET"]}}],"collection":[{"href":"https:\/\/blogvaleco.com\/la-ferriere-en-parthenay\/wp-json\/wp\/v2\/posts"}],"about":[{"href":"https:\/\/blogvaleco.com\/la-ferriere-en-parthenay\/wp-json\/wp\/v2\/types\/post"}],"author":[{"embeddable":true,"href":"https:\/\/blogvaleco.com\/la-ferriere-en-parthenay\/wp-json\/wp\/v2\/users\/1"}],"replies":[{"embeddable":true,"href":"https:\/\/blogvaleco.com\/la-ferriere-en-parthenay\/wp-json\/wp\/v2\/comments?post=105"}],"version-history":[{"count":5,"href":"https:\/\/blogvaleco.com\/la-ferriere-en-parthenay\/wp-json\/wp\/v2\/posts\/105\/revisions"}],"predecessor-version":[{"id":958,"href":"https:\/\/blogvaleco.com\/la-ferriere-en-parthenay\/wp-json\/wp\/v2\/posts\/105\/revisions\/958"}],"wp:attachment":[{"href":"https:\/\/blogvaleco.com\/la-ferriere-en-parthenay\/wp-json\/wp\/v2\/media?parent=105"}],"wp:term":[{"taxonomy":"category","embeddable":true,"href":"https:\/\/blogvaleco.com\/la-ferriere-en-parthenay\/wp-json\/wp\/v2\/categories?post=105"},{"taxonomy":"post_tag","embeddable":true,"href":"https:\/\/blogvaleco.com\/la-ferriere-en-parthenay\/wp-json\/wp\/v2\/tags?post=105"}],"curies":[{"name":"wp","href":"https:\/\/api.w.org\/{rel}","templated":true}]}}